{"id":999,"date":"2013-08-30T00:00:00","date_gmt":"2013-08-30T00:00:00","guid":{"rendered":"https:\/\/gretaschneider.at\/index.php\/2013\/08\/30\/salzige-wellen-im-gegenlicht\/"},"modified":"2013-08-30T00:00:00","modified_gmt":"2013-08-30T00:00:00","slug":"salzige-wellen-im-gegenlicht","status":"publish","type":"post","link":"https:\/\/gretaschneider.at\/index.php\/2013\/08\/30\/salzige-wellen-im-gegenlicht\/","title":{"rendered":"salzige wellen im gegenlicht"},"content":{"rendered":"<p>salzige wellen im gegenlicht<br \/>\neine glei\u00dfende wassermacht<br \/>\nsie w\u00fcrde gern weinen und tut es nicht<br \/>\nzeigt ihre z\u00e4hne und lacht.<br \/>\ndas foto im album zeigt einen kopf<br \/>\nfast schwarz vor st\u00fcrmischem meer.<br \/>\nschaut aus, als tr\u00fcge sie einen zopf.<br \/>\nalles ist so lang her.<br \/>\nauf dem bild wirkt sie jung und unbeschwert<br \/>\nsie wei\u00df, dass sie es nicht war.<br \/>\ndoch alles hat sich zum bessern gekehrt<br \/>\nheut f\u00fchlt sie sich wunderbar.<br \/>\nsie hat sich ihr leben zurechtgelacht.<br \/>\nhat dabei oft tr\u00e4nen vergossen.<br \/>\nvielleicht hat s i e  es  richtig gemacht.<br \/>\nvielleicht ist alles l\u00e4ngst beschlossen.<\/p>\n","protected":false},"excerpt":{"rendered":"<p>salzige wellen im gegenlicht eine glei\u00dfende wassermacht sie w\u00fcrde gern weinen und tut es nicht zeigt ihre z\u00e4hne und lacht. das foto im album zeigt einen kopf fast schwarz vor st\u00fcrmischem meer. schaut aus, als tr\u00fcge sie einen zopf. alles ist so lang her. auf dem bild wirkt sie jung und unbeschwert sie wei\u00df, dass [&hellip;]<\/p>\n","protected":false},"author":1,"featured_media":0,"comment_status":"open","ping_status":"open","sticky":false,"template":"","format":"standard","meta":{"footnotes":""},"categories":[4],"tags":[],"class_list":["post-999","post","type-post","status-publish","format-standard","hentry","category-aktuelles"],"_links":{"self":[{"href":"https:\/\/gretaschneider.at\/index.php\/wp-json\/wp\/v2\/posts\/999","targetHints":{"allow":["GET"]}}],"collection":[{"href":"https:\/\/gretaschneider.at\/index.php\/wp-json\/wp\/v2\/posts"}],"about":[{"href":"https:\/\/gretaschneider.at\/index.php\/wp-json\/wp\/v2\/types\/post"}],"author":[{"embeddable":true,"href":"https:\/\/gretaschneider.at\/index.php\/wp-json\/wp\/v2\/users\/1"}],"replies":[{"embeddable":true,"href":"https:\/\/gretaschneider.at\/index.php\/wp-json\/wp\/v2\/comments?post=999"}],"version-history":[{"count":0,"href":"https:\/\/gretaschneider.at\/index.php\/wp-json\/wp\/v2\/posts\/999\/revisions"}],"wp:attachment":[{"href":"https:\/\/gretaschneider.at\/index.php\/wp-json\/wp\/v2\/media?parent=999"}],"wp:term":[{"taxonomy":"category","embeddable":true,"href":"https:\/\/gretaschneider.at\/index.php\/wp-json\/wp\/v2\/categories?post=999"},{"taxonomy":"post_tag","embeddable":true,"href":"https:\/\/gretaschneider.at\/index.php\/wp-json\/wp\/v2\/tags?post=999"}],"curies":[{"name":"wp","href":"https:\/\/api.w.org\/{rel}","templated":true}]}}