{"id":993,"date":"2013-09-13T00:00:00","date_gmt":"2013-09-13T00:00:00","guid":{"rendered":"https:\/\/gretaschneider.at\/index.php\/2013\/09\/13\/die-sehnsucht-wird-mich-nie-mehr-quaelen\/"},"modified":"2013-09-13T00:00:00","modified_gmt":"2013-09-13T00:00:00","slug":"die-sehnsucht-wird-mich-nie-mehr-quaelen","status":"publish","type":"post","link":"https:\/\/gretaschneider.at\/index.php\/2013\/09\/13\/die-sehnsucht-wird-mich-nie-mehr-quaelen\/","title":{"rendered":"die sehnsucht wird mich nie mehr qu\u00e4len"},"content":{"rendered":"<p>die sehnsucht wird mich nie mehr qu\u00e4len<br \/>\nwenn ich vern\u00fcnftig bin!<br \/>\ndas von der sehnsucht qu\u00e4len lassen<br \/>\ndas hat doch keinen sinn.<br \/>\nich werde jetzt vern\u00fcnftig sein<br \/>\nund ganz ohne vision,<br \/>\ndann bin ich die sehnsucht los,<br \/>\njuhu, ich freu mich schon!<br \/>\ndas leben ohne sehnsuchtsqual,<br \/>\ndas wird mich befrein.<br \/>\nich geh nie mehr durchs jammertal,<br \/>\nwerd\u2018 immer fr\u00f6hlich sein!<br \/>\nich war ein schwerer sehnsuchtsfall<br \/>\nab heute sag ich: nein!<br \/>\nich kenn das w\u00f6rtchen sehnsucht nicht.<br \/>\nsoll das ein hauptwort sein?<br \/>\nich kenne nur das wort vernunft<br \/>\ndas klingt zwar nicht sehr heiter,<br \/>\nes reimt sich nur auf das wort brunft,<br \/>\nvielleichtbringt mich das weiter. <\/p>\n","protected":false},"excerpt":{"rendered":"<p>die sehnsucht wird mich nie mehr qu\u00e4len wenn ich vern\u00fcnftig bin! das von der sehnsucht qu\u00e4len lassen das hat doch keinen sinn. ich werde jetzt vern\u00fcnftig sein und ganz ohne vision, dann bin ich die sehnsucht los, juhu, ich freu mich schon! das leben ohne sehnsuchtsqual, das wird mich befrein. ich geh nie mehr durchs [&hellip;]<\/p>\n","protected":false},"author":1,"featured_media":0,"comment_status":"open","ping_status":"open","sticky":false,"template":"","format":"standard","meta":{"footnotes":""},"categories":[4],"tags":[],"class_list":["post-993","post","type-post","status-publish","format-standard","hentry","category-aktuelles"],"_links":{"self":[{"href":"https:\/\/gretaschneider.at\/index.php\/wp-json\/wp\/v2\/posts\/993","targetHints":{"allow":["GET"]}}],"collection":[{"href":"https:\/\/gretaschneider.at\/index.php\/wp-json\/wp\/v2\/posts"}],"about":[{"href":"https:\/\/gretaschneider.at\/index.php\/wp-json\/wp\/v2\/types\/post"}],"author":[{"embeddable":true,"href":"https:\/\/gretaschneider.at\/index.php\/wp-json\/wp\/v2\/users\/1"}],"replies":[{"embeddable":true,"href":"https:\/\/gretaschneider.at\/index.php\/wp-json\/wp\/v2\/comments?post=993"}],"version-history":[{"count":0,"href":"https:\/\/gretaschneider.at\/index.php\/wp-json\/wp\/v2\/posts\/993\/revisions"}],"wp:attachment":[{"href":"https:\/\/gretaschneider.at\/index.php\/wp-json\/wp\/v2\/media?parent=993"}],"wp:term":[{"taxonomy":"category","embeddable":true,"href":"https:\/\/gretaschneider.at\/index.php\/wp-json\/wp\/v2\/categories?post=993"},{"taxonomy":"post_tag","embeddable":true,"href":"https:\/\/gretaschneider.at\/index.php\/wp-json\/wp\/v2\/tags?post=993"}],"curies":[{"name":"wp","href":"https:\/\/api.w.org\/{rel}","templated":true}]}}