{"id":957,"date":"2013-11-30T00:00:00","date_gmt":"2013-11-30T00:00:00","guid":{"rendered":"https:\/\/gretaschneider.at\/index.php\/2013\/11\/30\/schon-morgen-erleuchten\/"},"modified":"2013-11-30T00:00:00","modified_gmt":"2013-11-30T00:00:00","slug":"schon-morgen-erleuchten","status":"publish","type":"post","link":"https:\/\/gretaschneider.at\/index.php\/2013\/11\/30\/schon-morgen-erleuchten\/","title":{"rendered":"schon morgen erleuchten"},"content":{"rendered":"<p>schon morgen erleuchten<br \/>\ndezembersterne die nacht<br \/>\nt\u00fcrchen werden ge\u00f6ffnet.<br \/>\ntagf\u00fcrtagf\u00fcrtag<br \/>\nein bild<br \/>\ntagf\u00fcrtagf\u00fcrtag<br \/>\nein wunsch<br \/>\ntagf\u00fcrtagf\u00fcrtag<br \/>\ndie.hoffnung<br \/>\nt\u00fcren werden ge\u00f6ffnet<br \/>\nschon morgen erleuchten<br \/>\ndezembersterne die nacht<\/p>\n","protected":false},"excerpt":{"rendered":"<p>schon morgen erleuchten dezembersterne die nacht t\u00fcrchen werden ge\u00f6ffnet. tagf\u00fcrtagf\u00fcrtag ein bild tagf\u00fcrtagf\u00fcrtag ein wunsch tagf\u00fcrtagf\u00fcrtag die.hoffnung t\u00fcren werden ge\u00f6ffnet schon morgen erleuchten dezembersterne die nacht<\/p>\n","protected":false},"author":1,"featured_media":0,"comment_status":"open","ping_status":"open","sticky":false,"template":"","format":"standard","meta":{"footnotes":""},"categories":[4],"tags":[],"class_list":["post-957","post","type-post","status-publish","format-standard","hentry","category-aktuelles"],"_links":{"self":[{"href":"https:\/\/gretaschneider.at\/index.php\/wp-json\/wp\/v2\/posts\/957","targetHints":{"allow":["GET"]}}],"collection":[{"href":"https:\/\/gretaschneider.at\/index.php\/wp-json\/wp\/v2\/posts"}],"about":[{"href":"https:\/\/gretaschneider.at\/index.php\/wp-json\/wp\/v2\/types\/post"}],"author":[{"embeddable":true,"href":"https:\/\/gretaschneider.at\/index.php\/wp-json\/wp\/v2\/users\/1"}],"replies":[{"embeddable":true,"href":"https:\/\/gretaschneider.at\/index.php\/wp-json\/wp\/v2\/comments?post=957"}],"version-history":[{"count":0,"href":"https:\/\/gretaschneider.at\/index.php\/wp-json\/wp\/v2\/posts\/957\/revisions"}],"wp:attachment":[{"href":"https:\/\/gretaschneider.at\/index.php\/wp-json\/wp\/v2\/media?parent=957"}],"wp:term":[{"taxonomy":"category","embeddable":true,"href":"https:\/\/gretaschneider.at\/index.php\/wp-json\/wp\/v2\/categories?post=957"},{"taxonomy":"post_tag","embeddable":true,"href":"https:\/\/gretaschneider.at\/index.php\/wp-json\/wp\/v2\/tags?post=957"}],"curies":[{"name":"wp","href":"https:\/\/api.w.org\/{rel}","templated":true}]}}