{"id":941,"date":"2014-01-05T00:00:00","date_gmt":"2014-01-05T00:00:00","guid":{"rendered":"https:\/\/gretaschneider.at\/index.php\/2014\/01\/05\/die-welt-da-draussen-ist-nicht-weiss\/"},"modified":"2014-01-05T00:00:00","modified_gmt":"2014-01-05T00:00:00","slug":"die-welt-da-draussen-ist-nicht-weiss","status":"publish","type":"post","link":"https:\/\/gretaschneider.at\/index.php\/2014\/01\/05\/die-welt-da-draussen-ist-nicht-weiss\/","title":{"rendered":"die welt da drau\u00dfen ist nicht wei\u00df"},"content":{"rendered":"<p>die welt da drau\u00dfen ist nicht wei\u00df<br \/>\nwie es im winter brauch.<br \/>\nkein scneefl\u00f6ckchen ist auf der reis,<br \/>\neiszapfen fehlen auch.<br \/>\ndie welt da drau\u00dfen ist nicht still,<br \/>\nes  tobt ein wilder sturm.<br \/>\nseine pfiffe klingen schrill.<br \/>\nsie blasen dich vom turm.<br \/>\ndie welt da drau\u00dfen hat jetzt nacht,<br \/>\ndrum mach die augen zu.<br \/>\ndenk an etwas, das gl\u00fccklich macht,<br \/>\nim tr\u00e4umereich bist du.<\/p>\n","protected":false},"excerpt":{"rendered":"<p>die welt da drau\u00dfen ist nicht wei\u00df wie es im winter brauch. kein scneefl\u00f6ckchen ist auf der reis, eiszapfen fehlen auch. die welt da drau\u00dfen ist nicht still, es tobt ein wilder sturm. seine pfiffe klingen schrill. sie blasen dich vom turm. die welt da drau\u00dfen hat jetzt nacht, drum mach die augen zu. denk [&hellip;]<\/p>\n","protected":false},"author":1,"featured_media":0,"comment_status":"open","ping_status":"open","sticky":false,"template":"","format":"standard","meta":{"footnotes":""},"categories":[4],"tags":[],"class_list":["post-941","post","type-post","status-publish","format-standard","hentry","category-aktuelles"],"_links":{"self":[{"href":"https:\/\/gretaschneider.at\/index.php\/wp-json\/wp\/v2\/posts\/941","targetHints":{"allow":["GET"]}}],"collection":[{"href":"https:\/\/gretaschneider.at\/index.php\/wp-json\/wp\/v2\/posts"}],"about":[{"href":"https:\/\/gretaschneider.at\/index.php\/wp-json\/wp\/v2\/types\/post"}],"author":[{"embeddable":true,"href":"https:\/\/gretaschneider.at\/index.php\/wp-json\/wp\/v2\/users\/1"}],"replies":[{"embeddable":true,"href":"https:\/\/gretaschneider.at\/index.php\/wp-json\/wp\/v2\/comments?post=941"}],"version-history":[{"count":0,"href":"https:\/\/gretaschneider.at\/index.php\/wp-json\/wp\/v2\/posts\/941\/revisions"}],"wp:attachment":[{"href":"https:\/\/gretaschneider.at\/index.php\/wp-json\/wp\/v2\/media?parent=941"}],"wp:term":[{"taxonomy":"category","embeddable":true,"href":"https:\/\/gretaschneider.at\/index.php\/wp-json\/wp\/v2\/categories?post=941"},{"taxonomy":"post_tag","embeddable":true,"href":"https:\/\/gretaschneider.at\/index.php\/wp-json\/wp\/v2\/tags?post=941"}],"curies":[{"name":"wp","href":"https:\/\/api.w.org\/{rel}","templated":true}]}}