{"id":909,"date":"2014-03-20T00:00:00","date_gmt":"2014-03-20T00:00:00","guid":{"rendered":"https:\/\/gretaschneider.at\/index.php\/2014\/03\/20\/der-fruehling-bringt-den-winter-mit\/"},"modified":"2014-03-20T00:00:00","modified_gmt":"2014-03-20T00:00:00","slug":"der-fruehling-bringt-den-winter-mit","status":"publish","type":"post","link":"https:\/\/gretaschneider.at\/index.php\/2014\/03\/20\/der-fruehling-bringt-den-winter-mit\/","title":{"rendered":"der fr\u00fchling bringt den winter mit"},"content":{"rendered":"<p>der fr\u00fchling bringt den winter mit<br \/>\nallein will er nicht kommen.<br \/>\nder winter macht die pisten fit,<br \/>\nder fr\u00fchling sorgt f\u00fcrs sonnen.<br \/>\ndie primel schauen ganz verschreckt,<br \/>\nsie k\u00f6nnen es nicht fassen.<br \/>\nsie werden blitzschnell zugedeckt<br \/>\nmit schneep\u00f6lstern, ganz nassen.<br \/>\ndie bl\u00fcten an den zweigen<br \/>\ndie bienen schon erfreut<br \/>\nsich nun zur erde neigen.<br \/>\nwaren sie zu fr\u00fch bereit?<br \/>\ndie veilchen ziehen die k\u00f6pfe ein,<br \/>\ndie schneegl\u00f6ckchen verstummen<br \/>\ndie k\u00e4lte ist nicht fr\u00fchlingsfein,<br \/>\ndie tulpen sich vermummen.<br \/>\ndas wetter muss ein irrtum sein!<br \/>\ndie tage sind schon l\u00e4nger!<br \/>\nlieber fr\u00fchling, komm allein!<br \/>\nes zwitschern f\u00fcr dich s\u00e4nger.<\/p>\n","protected":false},"excerpt":{"rendered":"<p>der fr\u00fchling bringt den winter mit allein will er nicht kommen. der winter macht die pisten fit, der fr\u00fchling sorgt f\u00fcrs sonnen. die primel schauen ganz verschreckt, sie k\u00f6nnen es nicht fassen. sie werden blitzschnell zugedeckt mit schneep\u00f6lstern, ganz nassen. die bl\u00fcten an den zweigen die bienen schon erfreut sich nun zur erde neigen. waren [&hellip;]<\/p>\n","protected":false},"author":1,"featured_media":0,"comment_status":"open","ping_status":"open","sticky":false,"template":"","format":"standard","meta":{"footnotes":""},"categories":[4],"tags":[],"class_list":["post-909","post","type-post","status-publish","format-standard","hentry","category-aktuelles"],"_links":{"self":[{"href":"https:\/\/gretaschneider.at\/index.php\/wp-json\/wp\/v2\/posts\/909","targetHints":{"allow":["GET"]}}],"collection":[{"href":"https:\/\/gretaschneider.at\/index.php\/wp-json\/wp\/v2\/posts"}],"about":[{"href":"https:\/\/gretaschneider.at\/index.php\/wp-json\/wp\/v2\/types\/post"}],"author":[{"embeddable":true,"href":"https:\/\/gretaschneider.at\/index.php\/wp-json\/wp\/v2\/users\/1"}],"replies":[{"embeddable":true,"href":"https:\/\/gretaschneider.at\/index.php\/wp-json\/wp\/v2\/comments?post=909"}],"version-history":[{"count":0,"href":"https:\/\/gretaschneider.at\/index.php\/wp-json\/wp\/v2\/posts\/909\/revisions"}],"wp:attachment":[{"href":"https:\/\/gretaschneider.at\/index.php\/wp-json\/wp\/v2\/media?parent=909"}],"wp:term":[{"taxonomy":"category","embeddable":true,"href":"https:\/\/gretaschneider.at\/index.php\/wp-json\/wp\/v2\/categories?post=909"},{"taxonomy":"post_tag","embeddable":true,"href":"https:\/\/gretaschneider.at\/index.php\/wp-json\/wp\/v2\/tags?post=909"}],"curies":[{"name":"wp","href":"https:\/\/api.w.org\/{rel}","templated":true}]}}