{"id":908,"date":"2014-03-22T00:00:00","date_gmt":"2014-03-22T00:00:00","guid":{"rendered":"https:\/\/gretaschneider.at\/index.php\/2014\/03\/22\/einmal-noch-eine-weisse-muetze\/"},"modified":"2014-03-22T00:00:00","modified_gmt":"2014-03-22T00:00:00","slug":"einmal-noch-eine-weisse-muetze","status":"publish","type":"post","link":"https:\/\/gretaschneider.at\/index.php\/2014\/03\/22\/einmal-noch-eine-weisse-muetze\/","title":{"rendered":"einmal noch eine wei\u00dfe m\u00fctze"},"content":{"rendered":"<p>einmal noch eine wei\u00dfe m\u00fctze<br \/>\nf\u00fcr die tannenb\u00e4ume!<br \/>\nwozu die m\u00fctze jetzt noch n\u00fctze?<br \/>\nmag sein f\u00fcr zwischenr\u00e4ume<br \/>\nzwischen ast und ast?<br \/>\nwenn die wei\u00dfe m\u00fctze passt<br \/>\nwird ein wipfel gipfel.<br \/>\nsticht wei\u00df heraus im fr\u00fchlingswald<br \/>\nprunkt wie ein kirschenbaum voll bl\u00fcten<br \/>\nunterm schnee ist ihm nicht kalt,<br \/>\nwenn auch st\u00fcrme eisig w\u00fcten.<br \/>\nkommt die fr\u00fchlingssonne wieder<br \/>\ntropft die wei\u00dfe m\u00fctze ab.<br \/>\nv\u00f6gel singen brautschaulieder<br \/>\nund der winter steigt ins grab.<\/p>\n","protected":false},"excerpt":{"rendered":"<p>einmal noch eine wei\u00dfe m\u00fctze f\u00fcr die tannenb\u00e4ume! wozu die m\u00fctze jetzt noch n\u00fctze? mag sein f\u00fcr zwischenr\u00e4ume zwischen ast und ast? wenn die wei\u00dfe m\u00fctze passt wird ein wipfel gipfel. sticht wei\u00df heraus im fr\u00fchlingswald prunkt wie ein kirschenbaum voll bl\u00fcten unterm schnee ist ihm nicht kalt, wenn auch st\u00fcrme eisig w\u00fcten. kommt die [&hellip;]<\/p>\n","protected":false},"author":1,"featured_media":0,"comment_status":"open","ping_status":"open","sticky":false,"template":"","format":"standard","meta":{"footnotes":""},"categories":[4],"tags":[],"class_list":["post-908","post","type-post","status-publish","format-standard","hentry","category-aktuelles"],"_links":{"self":[{"href":"https:\/\/gretaschneider.at\/index.php\/wp-json\/wp\/v2\/posts\/908","targetHints":{"allow":["GET"]}}],"collection":[{"href":"https:\/\/gretaschneider.at\/index.php\/wp-json\/wp\/v2\/posts"}],"about":[{"href":"https:\/\/gretaschneider.at\/index.php\/wp-json\/wp\/v2\/types\/post"}],"author":[{"embeddable":true,"href":"https:\/\/gretaschneider.at\/index.php\/wp-json\/wp\/v2\/users\/1"}],"replies":[{"embeddable":true,"href":"https:\/\/gretaschneider.at\/index.php\/wp-json\/wp\/v2\/comments?post=908"}],"version-history":[{"count":0,"href":"https:\/\/gretaschneider.at\/index.php\/wp-json\/wp\/v2\/posts\/908\/revisions"}],"wp:attachment":[{"href":"https:\/\/gretaschneider.at\/index.php\/wp-json\/wp\/v2\/media?parent=908"}],"wp:term":[{"taxonomy":"category","embeddable":true,"href":"https:\/\/gretaschneider.at\/index.php\/wp-json\/wp\/v2\/categories?post=908"},{"taxonomy":"post_tag","embeddable":true,"href":"https:\/\/gretaschneider.at\/index.php\/wp-json\/wp\/v2\/tags?post=908"}],"curies":[{"name":"wp","href":"https:\/\/api.w.org\/{rel}","templated":true}]}}