{"id":469,"date":"2024-06-11T11:08:25","date_gmt":"2024-06-11T11:08:25","guid":{"rendered":"https:\/\/gretaschneider.at\/?p=469"},"modified":"2024-06-11T11:08:29","modified_gmt":"2024-06-11T11:08:29","slug":"es-ist-die-zeit-der-rosen","status":"publish","type":"post","link":"https:\/\/gretaschneider.at\/index.php\/2024\/06\/11\/es-ist-die-zeit-der-rosen\/","title":{"rendered":"Es ist die Zeit der Rosen"},"content":{"rendered":"<p style=\"font-weight: 400;\">Vielbl\u00e4ttrig, weich und duftend<\/p>\n<p style=\"font-weight: 400;\">ranken sie sich an der<\/p>\n<p style=\"font-weight: 400;\">Hauswand hoch und<\/p>\n<p style=\"font-weight: 400;\">immer h\u00f6her und werden<\/p>\n<p style=\"font-weight: 400;\">das Blau des<\/p>\n<p style=\"font-weight: 400;\">Himmels doch nie erreichen.<\/p>\n<p style=\"font-weight: 400;\">Ihre sanften Rott\u00f6ne<\/p>\n<p style=\"font-weight: 400;\">sich nie mit denen<\/p>\n<p style=\"font-weight: 400;\">des Morgens und<\/p>\n<p style=\"font-weight: 400;\">des Abends vermischen,<\/p>\n<p style=\"font-weight: 400;\">ihre sch\u00fctzenden<\/p>\n<p style=\"font-weight: 400;\">Stacheln werden sich nie<\/p>\n<p style=\"font-weight: 400;\">ins Grau der Wolken<\/p>\n<p style=\"font-weight: 400;\">bohren wie in weiche Haut.<\/p>\n<p style=\"font-weight: 400;\">Kein Blutstropfen wird je<\/p>\n<p style=\"font-weight: 400;\">vom Himmel fallen.<\/p>\n<p style=\"font-weight: 400;\">Wasserperlen gl\u00e4nzen auf<\/p>\n<p style=\"font-weight: 400;\">Rosa, verdunsten auf Gelb<\/p>\n<p style=\"font-weight: 400;\">und lassen Orange<\/p>\n<p style=\"font-weight: 400;\">so kr\u00e4ftig leuchten,<\/p>\n<p style=\"font-weight: 400;\">als w\u00e4re jede Rose<\/p>\n<p style=\"font-weight: 400;\">ihre eigene Sonne.<\/p>\n<p style=\"font-weight: 400;\">Fallen die Bl\u00fctenbl\u00e4tter<\/p>\n<p style=\"font-weight: 400;\">von Schneewittchen,<\/p>\n<p style=\"font-weight: 400;\">der wei\u00dfen,<\/p>\n<p style=\"font-weight: 400;\">zu Boden, dann schneit es<\/p>\n<p style=\"font-weight: 400;\">Sch\u00f6nheit und<\/p>\n<p style=\"font-weight: 400;\">Verg\u00e4nglichkeit.<\/p>\n<p style=\"font-weight: 400;\">Ja, Verg\u00e4nglichkeit auch.<\/p>\n<p style=\"font-weight: 400;\">Doch noch ranken sich die<\/p>\n<p style=\"font-weight: 400;\">bl\u00fctenschweren Zweige hoch<\/p>\n<p style=\"font-weight: 400;\">und immer h\u00f6her.<\/p>\n<p style=\"font-weight: 400;\">Noch ist Sommer und<\/p>\n<p style=\"font-weight: 400;\">Rosenduft umweht unser Haus.<\/p>\n","protected":false},"excerpt":{"rendered":"<p>Vielbl\u00e4ttrig, weich und duftend ranken sie sich an der Hauswand hoch und immer h\u00f6her und werden das Blau des Himmels doch nie erreichen. Ihre sanften Rott\u00f6ne sich nie mit denen des Morgens und des Abends vermischen, ihre sch\u00fctzenden Stacheln werden sich nie ins Grau der Wolken bohren wie in weiche Haut. Kein Blutstropfen wird je [&hellip;]<\/p>\n","protected":false},"author":2,"featured_media":0,"comment_status":"open","ping_status":"open","sticky":false,"template":"","format":"standard","meta":{"footnotes":""},"categories":[4],"tags":[],"class_list":["post-469","post","type-post","status-publish","format-standard","hentry","category-aktuelles"],"_links":{"self":[{"href":"https:\/\/gretaschneider.at\/index.php\/wp-json\/wp\/v2\/posts\/469","targetHints":{"allow":["GET"]}}],"collection":[{"href":"https:\/\/gretaschneider.at\/index.php\/wp-json\/wp\/v2\/posts"}],"about":[{"href":"https:\/\/gretaschneider.at\/index.php\/wp-json\/wp\/v2\/types\/post"}],"author":[{"embeddable":true,"href":"https:\/\/gretaschneider.at\/index.php\/wp-json\/wp\/v2\/users\/2"}],"replies":[{"embeddable":true,"href":"https:\/\/gretaschneider.at\/index.php\/wp-json\/wp\/v2\/comments?post=469"}],"version-history":[{"count":1,"href":"https:\/\/gretaschneider.at\/index.php\/wp-json\/wp\/v2\/posts\/469\/revisions"}],"predecessor-version":[{"id":470,"href":"https:\/\/gretaschneider.at\/index.php\/wp-json\/wp\/v2\/posts\/469\/revisions\/470"}],"wp:attachment":[{"href":"https:\/\/gretaschneider.at\/index.php\/wp-json\/wp\/v2\/media?parent=469"}],"wp:term":[{"taxonomy":"category","embeddable":true,"href":"https:\/\/gretaschneider.at\/index.php\/wp-json\/wp\/v2\/categories?post=469"},{"taxonomy":"post_tag","embeddable":true,"href":"https:\/\/gretaschneider.at\/index.php\/wp-json\/wp\/v2\/tags?post=469"}],"curies":[{"name":"wp","href":"https:\/\/api.w.org\/{rel}","templated":true}]}}