{"id":449,"date":"2024-04-14T13:53:56","date_gmt":"2024-04-14T13:53:56","guid":{"rendered":"https:\/\/gretaschneider.at\/?p=449"},"modified":"2024-04-14T13:54:00","modified_gmt":"2024-04-14T13:54:00","slug":"immer-wieder-april","status":"publish","type":"post","link":"https:\/\/gretaschneider.at\/index.php\/2024\/04\/14\/immer-wieder-april\/","title":{"rendered":"Immer wieder April"},"content":{"rendered":"<p style=\"font-weight: 400;\">Immer wieder April<\/p>\n<p style=\"font-weight: 400;\">Wer kann den April berechnen?<\/p>\n<p style=\"font-weight: 400;\">Macht der denn nicht, was er will?<\/p>\n<p style=\"font-weight: 400;\">Sonne, Hagel, Wind und Regen,<\/p>\n<p style=\"font-weight: 400;\">Matsch und Steinchen auf den Wegen;<\/p>\n<p style=\"font-weight: 400;\">St\u00fcrme, dass St\u00e4mme brechen,<\/p>\n<p style=\"font-weight: 400;\">gr\u00fcne und auch gelbe Fl\u00e4chen,<\/p>\n<p style=\"font-weight: 400;\">die den Fr\u00fchling uns beweisen.<\/p>\n<p style=\"font-weight: 400;\">Sehnsucht kurz ans Meer zu reisen<\/p>\n<p style=\"font-weight: 400;\">und den Sommer in sich f\u00fchlen.<\/p>\n<p style=\"font-weight: 400;\">Hei\u00dfe Tage folgen k\u00fchlen,<\/p>\n<p style=\"font-weight: 400;\">ehe es noch einmal schneit,<\/p>\n<p style=\"font-weight: 400;\">und das neue Sommerkleid<\/p>\n<p style=\"font-weight: 400;\">in die Warteschleife kommt-<\/p>\n<p style=\"font-weight: 400;\">weil es dem April so frommt.<\/p>\n<p style=\"font-weight: 400;\">Kein Tag soll wie der andre sein.<\/p>\n<p style=\"font-weight: 400;\">Wolkenschwere, Sonnenschein,<\/p>\n<p style=\"font-weight: 400;\">wilde Winde, stille Tage<\/p>\n<p style=\"font-weight: 400;\">wirklich jede Wetterlage<\/p>\n<p style=\"font-weight: 400;\">ist ihm recht, dem Herrn April \u2013<\/p>\n<p style=\"font-weight: 400;\">denn er macht stets, was er will.<\/p>\n","protected":false},"excerpt":{"rendered":"<p>Immer wieder April Wer kann den April berechnen? Macht der denn nicht, was er will? Sonne, Hagel, Wind und Regen, Matsch und Steinchen auf den Wegen; St\u00fcrme, dass St\u00e4mme brechen, gr\u00fcne und auch gelbe Fl\u00e4chen, die den Fr\u00fchling uns beweisen. Sehnsucht kurz ans Meer zu reisen und den Sommer in sich f\u00fchlen. Hei\u00dfe Tage folgen [&hellip;]<\/p>\n","protected":false},"author":2,"featured_media":0,"comment_status":"open","ping_status":"open","sticky":false,"template":"","format":"standard","meta":{"footnotes":""},"categories":[4],"tags":[],"class_list":["post-449","post","type-post","status-publish","format-standard","hentry","category-aktuelles"],"_links":{"self":[{"href":"https:\/\/gretaschneider.at\/index.php\/wp-json\/wp\/v2\/posts\/449","targetHints":{"allow":["GET"]}}],"collection":[{"href":"https:\/\/gretaschneider.at\/index.php\/wp-json\/wp\/v2\/posts"}],"about":[{"href":"https:\/\/gretaschneider.at\/index.php\/wp-json\/wp\/v2\/types\/post"}],"author":[{"embeddable":true,"href":"https:\/\/gretaschneider.at\/index.php\/wp-json\/wp\/v2\/users\/2"}],"replies":[{"embeddable":true,"href":"https:\/\/gretaschneider.at\/index.php\/wp-json\/wp\/v2\/comments?post=449"}],"version-history":[{"count":1,"href":"https:\/\/gretaschneider.at\/index.php\/wp-json\/wp\/v2\/posts\/449\/revisions"}],"predecessor-version":[{"id":450,"href":"https:\/\/gretaschneider.at\/index.php\/wp-json\/wp\/v2\/posts\/449\/revisions\/450"}],"wp:attachment":[{"href":"https:\/\/gretaschneider.at\/index.php\/wp-json\/wp\/v2\/media?parent=449"}],"wp:term":[{"taxonomy":"category","embeddable":true,"href":"https:\/\/gretaschneider.at\/index.php\/wp-json\/wp\/v2\/categories?post=449"},{"taxonomy":"post_tag","embeddable":true,"href":"https:\/\/gretaschneider.at\/index.php\/wp-json\/wp\/v2\/tags?post=449"}],"curies":[{"name":"wp","href":"https:\/\/api.w.org\/{rel}","templated":true}]}}