{"id":383,"date":"2023-12-01T16:18:57","date_gmt":"2023-12-01T16:18:57","guid":{"rendered":"https:\/\/confident-davinci.212-227-174-136.plesk.page\/?p=383"},"modified":"2024-03-12T15:45:40","modified_gmt":"2024-03-12T15:45:40","slug":"383","status":"publish","type":"post","link":"https:\/\/gretaschneider.at\/index.php\/2023\/12\/01\/383\/","title":{"rendered":"Meine Adventkalender"},"content":{"rendered":"<p style=\"font-weight: 400;\">1.12<\/p>\n<p style=\"font-weight: 400;\">Heut fr\u00fch, da habe ich vier Fenster aufgemacht &#8211;<\/p>\n<p style=\"font-weight: 400;\">auf jedem stand drauf 1.<\/p>\n<p style=\"font-weight: 400;\">Beim ersten eine Kuh rauslacht,<\/p>\n<p style=\"font-weight: 400;\">doch Euter hat sie keins.<\/p>\n<p style=\"font-weight: 400;\">Sie tr\u00e4gt ein langes, braunes Kleid.<\/p>\n<p style=\"font-weight: 400;\">Ist das die Kuhmode zurzeit?<\/p>\n<p style=\"font-weight: 400;\">Beim zweiten, winz\u2018gen Fensterlein<\/p>\n<p style=\"font-weight: 400;\">da schaut ne Eule raus.<\/p>\n<p style=\"font-weight: 400;\">Die Eule ist zwergeulenklein<\/p>\n<p style=\"font-weight: 400;\">und passt gut in das Haus<\/p>\n<p style=\"font-weight: 400;\">von Kalender Nummer drei \u2013<\/p>\n<p style=\"font-weight: 400;\">aus Lebkuchen, drum schuldenfrei.<\/p>\n<p style=\"font-weight: 400;\">Adventkalender Nummer vier,<\/p>\n<p style=\"font-weight: 400;\">der ist ganz wunderbar.<\/p>\n<p style=\"font-weight: 400;\">Er ist `ne wahre K\u00fcchenzier<\/p>\n<p style=\"font-weight: 400;\">mit seiner Vogelschar.<\/p>\n<p style=\"font-weight: 400;\">Ein Rotkehlchen hat rausgesungen,<\/p>\n<p style=\"font-weight: 400;\">es hat begl\u00fcckend echt geklungen.<\/p>\n<p style=\"font-weight: 400;\">Morgen will ich auch berichten,<\/p>\n<p style=\"font-weight: 400;\">erz\u00e4hle neue Bildgeschichten<\/p>\n<p style=\"font-weight: 400;\">2.12.2023<\/p>\n<p style=\"font-weight: 400;\">Der<em> Igel<\/em> h\u00e4lt nun Winterschlaf<\/p>\n<p style=\"font-weight: 400;\">versteckt im welken Laub.<\/p>\n<p style=\"font-weight: 400;\">Der <em>Rattenschwanz ist sterngeschm\u00fcckt<\/em>,<\/p>\n<p style=\"font-weight: 400;\">die<em> Ratte<\/em> vielleicht taub.<\/p>\n<p style=\"font-weight: 400;\">Der <em>Zaunk\u00f6nig<\/em> ist ohne Krone,<\/p>\n<p style=\"font-weight: 400;\">braunschwarz sein Federkleid<\/p>\n<p style=\"font-weight: 400;\">er zwitschert laut mit seinem Sohne,<\/p>\n<p style=\"font-weight: 400;\">dabei ist gar nicht Zwitscherzeit.<\/p>\n<p style=\"font-weight: 400;\">Die <em>Stechpalme im Muffin<\/em> steckt<\/p>\n<p style=\"font-weight: 400;\">durchbohrt den Zuckerguss.<\/p>\n<p style=\"font-weight: 400;\">Das alles hab\u2018 ich heut gesehen.<\/p>\n<p style=\"font-weight: 400;\">Und jetzt lauf ich zum Bus.<\/p>\n<p style=\"font-weight: 400;\">3.12.2023<\/p>\n<p style=\"font-weight: 400;\"><em>Das M\u00e4dchen im Schnee<\/em><\/p>\n<p style=\"font-weight: 400;\">trinkt hei\u00dfen Tee<\/p>\n<p style=\"font-weight: 400;\">aus einer <em>Tasse mit Sternen.<\/em><\/p>\n<p style=\"font-weight: 400;\">Sie schaut hinauf zum Himmel.<\/p>\n<p style=\"font-weight: 400;\">Vor dem winterhellen Blau<\/p>\n<p style=\"font-weight: 400;\">gr\u00fcnen<em> Mistelzweige<\/em><\/p>\n<p style=\"font-weight: 400;\">Eine <em>Turteltaube<\/em> gurrt.<\/p>\n<p style=\"font-weight: 400;\">4.12.<\/p>\n<p style=\"font-weight: 400;\">Ein<em> Engel<\/em> und ein <em>Trostvogel<\/em><\/p>\n<p style=\"font-weight: 400;\">die haben viel gemeinsam.<\/p>\n<p style=\"font-weight: 400;\">Beide sind sie pl\u00f6tzlich da<\/p>\n<p style=\"font-weight: 400;\">f\u00fchlst du dich schrecklich einsam.<\/p>\n<p style=\"font-weight: 400;\">Sie singen dann ihr Lied f\u00fcr dich<\/p>\n<p style=\"font-weight: 400;\">von einer bessern Zeit.<\/p>\n<p style=\"font-weight: 400;\">Das wird dir helfen. Sicherlich.<\/p>\n<p style=\"font-weight: 400;\">Gleich kleiner wird dein Leid.<\/p>\n<p style=\"font-weight: 400;\">Ein <em>Faultier <\/em>und ein <em>Spatz<\/em>,<\/p>\n<p style=\"font-weight: 400;\">die sind sehr verschieden.<\/p>\n<p style=\"font-weight: 400;\">Das Faultier h\u00e4ngt entspannt am Ast,<\/p>\n<p style=\"font-weight: 400;\">stets grinsend und zufrieden.<\/p>\n<p style=\"font-weight: 400;\">Der Spatz springt aufgeregt herum<\/p>\n<p style=\"font-weight: 400;\">sucht st\u00e4ndig was zum Fressen.<\/p>\n<p style=\"font-weight: 400;\">Er gackst, sooft er gacksen kann &#8211;<\/p>\n<p style=\"font-weight: 400;\">das Faultier leert indessen<\/p>\n<p style=\"font-weight: 400;\">den Darm nur alle sieben Tage.<\/p>\n<p style=\"font-weight: 400;\">Das ist echt selten. Keine Frage.<\/p>\n<p style=\"font-weight: 400;\">5.12.<\/p>\n<p style=\"font-weight: 400;\">Ein <em>Blatt auf dem ein Schaf drauf liegt,<\/em><\/p>\n<p style=\"font-weight: 400;\">nein, dass es sowas gibt!<\/p>\n<p style=\"font-weight: 400;\">Das Blatt, das muss ein Schafsbett sein!<\/p>\n<p style=\"font-weight: 400;\">Das ist jetzt sehr beliebt.<\/p>\n<p style=\"font-weight: 400;\">Vielleicht schl\u00e4ft auch der<em> Zwerg<\/em> darin,<\/p>\n<p style=\"font-weight: 400;\">der eine Torte b\u00e4ckt?<\/p>\n<p style=\"font-weight: 400;\">Oder ist es ein <em>Pinguin<\/em>,<\/p>\n<p style=\"font-weight: 400;\">der hier im Fenster steckt?<\/p>\n<p style=\"font-weight: 400;\">Das Bildchen ist so winzig klein &#8211;<\/p>\n<p style=\"font-weight: 400;\">da kann ich mir nicht sicher sein.<\/p>\n<p style=\"font-weight: 400;\">Ein <em>H\u00e4ferl,<\/em> das hab ich erkannt,<\/p>\n<p style=\"font-weight: 400;\">heut\u2018 eines ohne Stern,<\/p>\n<p style=\"font-weight: 400;\">doch mit `ner <em>Schneeflocke<\/em> darauf.<\/p>\n<p style=\"font-weight: 400;\">Schneeflocken mag ich gern.<\/p>\n<p style=\"font-weight: 400;\">Und dann war da noch dieser<em> Star<\/em> &#8211;<\/p>\n<p style=\"font-weight: 400;\">schwarzgl\u00e4nzend ist sein Frack.<\/p>\n<p style=\"font-weight: 400;\">Der Star, der singt so wunderbar \u2013<\/p>\n<p style=\"font-weight: 400;\">trifft ganz meinen Geschmack.<\/p>\n<p style=\"font-weight: 400;\">Doch Stare liebe ich vor allem,<\/p>\n<p style=\"font-weight: 400;\">wenn sie am Himmel Bilder malen.<\/p>\n<p style=\"font-weight: 400;\">6.12.<\/p>\n<p style=\"font-weight: 400;\">Aus dem Fenster,<\/p>\n<p style=\"font-weight: 400;\">ein Mann mit Bischofsm\u00fctze,<\/p>\n<p style=\"font-weight: 400;\"><em>Sankt Nikolaus<\/em>,<\/p>\n<p style=\"font-weight: 400;\">schaut heraus.<\/p>\n<p style=\"font-weight: 400;\">In einem<em> Boot<\/em>,<\/p>\n<p style=\"font-weight: 400;\">ein Mann mit Bischofsm\u00fctze,<\/p>\n<p style=\"font-weight: 400;\"><em>Sankt Nikolaus<\/em>,<\/p>\n<p style=\"font-weight: 400;\">kommt \u00fcbers Meer.<\/p>\n<p style=\"font-weight: 400;\">Mitten im Wei\u00df,<\/p>\n<p style=\"font-weight: 400;\">eine braungraue Form:<\/p>\n<p style=\"font-weight: 400;\">kaum erkennbar .Die leere<\/p>\n<p style=\"font-weight: 400;\">Schale einer <em>Kokosnuss<\/em>.<\/p>\n<p style=\"font-weight: 400;\">Eine <em>Rabenkr\u00e4he<\/em>,<\/p>\n<p style=\"font-weight: 400;\">schwarz und sch\u00f6n,<\/p>\n<p style=\"font-weight: 400;\">kr\u00e4chzt ihr Lied in den Wintertag.<\/p>\n<p style=\"font-weight: 400;\">7.12.<\/p>\n<p style=\"font-weight: 400;\">M\u00f6glicherweise tanzt der<em> B\u00e4r<\/em><\/p>\n<p style=\"font-weight: 400;\"><u>mit dem<em> Schneemann<\/em> auf einer <\/u><\/p>\n<p style=\"font-weight: 400;\"><u>verschneiten Wiese. <\/u><\/p>\n<p style=\"font-weight: 400;\"><u>Vielleicht singt die <\/u><em>Haubenmeise<\/em><\/p>\n<p style=\"font-weight: 400;\"><u>ihr Lied f\u00fcr den <em>Dinosaurier <\/em><\/u><\/p>\n<p style=\"font-weight: 400;\"><u>im buntem Lamafell. <\/u><\/p>\n<p style=\"font-weight: 400;\"><u>Das alles kann der Fall sein \u2013<\/u><\/p>\n<p style=\"font-weight: 400;\"><u>doch nicht in meinen <\/u><\/p>\n<p style=\"font-weight: 400;\"><u>Adventkalendern<\/u><\/p>\n<p style=\"font-weight: 400;\">8.12.<\/p>\n<p style=\"font-weight: 400;\">Der<em> Kernbei\u00dfer<\/em> bei\u00dft<\/p>\n<p style=\"font-weight: 400;\">Kerne<\/p>\n<p style=\"font-weight: 400;\">gerne.<\/p>\n<p style=\"font-weight: 400;\">Am <em>Auto<\/em> liegt der<\/p>\n<p style=\"font-weight: 400;\"><em>Weihnachtsbaum<\/em><\/p>\n<p style=\"font-weight: 400;\">flach<\/p>\n<p style=\"font-weight: 400;\">am Dach.<\/p>\n<p style=\"font-weight: 400;\">Der <em>Dackel mit der<\/em><\/p>\n<p style=\"font-weight: 400;\"><em>roten M\u00fctze <\/em><\/p>\n<p style=\"font-weight: 400;\">ist dem Christkind<\/p>\n<p style=\"font-weight: 400;\">eine St\u00fctze<\/p>\n<p style=\"font-weight: 400;\">und beim kleinen Vogelhaus<\/p>\n<p style=\"font-weight: 400;\">fliegen <em>V\u00f6gel <\/em><\/p>\n<p style=\"font-weight: 400;\">ein und aus.<\/p>\n<p style=\"font-weight: 400;\">Jedes Bild ist bunt und sch\u00f6n<\/p>\n<p style=\"font-weight: 400;\">hinter Fensterchen zu sehen<\/p>\n<p style=\"font-weight: 400;\">9.12.<\/p>\n<p style=\"font-weight: 400;\">Ein <em>Schneemann<\/em> und<\/p>\n<p style=\"font-weight: 400;\">ein <em>Seidenschwanz<\/em>,<\/p>\n<p style=\"font-weight: 400;\">die tanzen ihren Ausdruckstanz<\/p>\n<p style=\"font-weight: 400;\">auf der verschneiten Wiese.<\/p>\n<p style=\"font-weight: 400;\">Der Schneemann dreht sich<\/p>\n<p style=\"font-weight: 400;\">stumm herum<\/p>\n<p style=\"font-weight: 400;\">umschwirrt vom Seidenschwanz.<\/p>\n<p style=\"font-weight: 400;\">Der Vogel flattert auf und ab \u2013<\/p>\n<p style=\"font-weight: 400;\">im Sternenlichterglanz.<\/p>\n<p style=\"font-weight: 400;\">Herr<em> Kater<\/em> kommt auf leisen Sohlen<\/p>\n<p style=\"font-weight: 400;\">will sich ein schlafend V\u00f6glein holen.<\/p>\n<p style=\"font-weight: 400;\">Herr <em>Kater, spielt zwar Weihnachtsmann<\/em>,<\/p>\n<p style=\"font-weight: 400;\">doch schleicht er sacklos durch den Tann.<\/p>\n<p style=\"font-weight: 400;\">Es folgt Herr<em> Hund<\/em>\u00a0auf gro\u00dfen Tatzen &#8211;<\/p>\n<p style=\"font-weight: 400;\">man h\u00f6rt ihn schon von Weitem schmatzen.<\/p>\n<p style=\"font-weight: 400;\"><em>Verh\u00fcllt von einer Katzenmaske<\/em><\/p>\n<p style=\"font-weight: 400;\">schleckt er rohe Leber Paste.<\/p>\n<p style=\"font-weight: 400;\">Hinter den T\u00fcrchen Nummer neun<\/p>\n<p style=\"font-weight: 400;\">liegt die Welt im Mondenschein<\/p>\n<p style=\"font-weight: 400;\">und es glitzern alle Viere:<\/p>\n<p style=\"font-weight: 400;\">Der Herr Schneemann und die Tiere<\/p>\n<p style=\"font-weight: 400;\">10.12.<\/p>\n<p style=\"font-weight: 400;\">Heut ist Adventvogeltag \u2013<\/p>\n<p style=\"font-weight: 400;\">und weil ich V\u00f6gel so gern mag,<\/p>\n<p style=\"font-weight: 400;\">freu ich mich sehr dar\u00fcber.<\/p>\n<p style=\"font-weight: 400;\">Stolz steht der <em>Kakadu mit Krone<\/em> \u2013<\/p>\n<p style=\"font-weight: 400;\"><em>Rotkehlchen<\/em> strahlt mich an \u2013<\/p>\n<p style=\"font-weight: 400;\">doch ohne<\/p>\n<p style=\"font-weight: 400;\">Gold auf seinem Kopf.<\/p>\n<p style=\"font-weight: 400;\">Fein w\u00e4r\u2018 jetzt ein Wiedehopf,<\/p>\n<p style=\"font-weight: 400;\">der t\u00e4t sich super reimen.<\/p>\n<p style=\"font-weight: 400;\">Auf <em>Gimpel<\/em> reimt sich wohl nur<\/p>\n<p style=\"font-weight: 400;\">simpel.<\/p>\n<p style=\"font-weight: 400;\">Doch das ist total egal.<\/p>\n<p style=\"font-weight: 400;\">Der Gimpel pfeift drauf \u2013<\/p>\n<p style=\"font-weight: 400;\">Pfeifen ist doch ganz sein Fall.<\/p>\n<p style=\"font-weight: 400;\">Alle V\u00f6gel picken gern<\/p>\n<p style=\"font-weight: 400;\">Br\u00f6sel aus n&#8217;em\u00a0<em>Kuchenstern \u2013<\/em><\/p>\n<p style=\"font-weight: 400;\">Und den hats auch gegeben!<\/p>\n<p style=\"font-weight: 400;\">Ja, so spielt das Leben.<\/p>\n<p style=\"font-weight: 400;\">11.12.<\/p>\n<p style=\"font-weight: 400;\">Der<em> Pulli<\/em>, der ist <em>liebesrot-<\/em><\/p>\n<p style=\"font-weight: 400;\">mit einem Tannenbaum geschm\u00fcckt.<\/p>\n<p style=\"font-weight: 400;\">Der Tannenbaum ist hoffnungsgr\u00fcn<\/p>\n<p style=\"font-weight: 400;\">mit blauen Kugeln reich best\u00fcckt.<\/p>\n<p style=\"font-weight: 400;\">Und auch der <em>Fisch <\/em>ist liebesrot.<\/p>\n<p style=\"font-weight: 400;\">Mit seinem Schleierschwanz<\/p>\n<p style=\"font-weight: 400;\">m\u00fcht er sich ab im wilden Meer<\/p>\n<p style=\"font-weight: 400;\">mit einem Weihnachtstanz<em>.<\/em><\/p>\n<p style=\"font-weight: 400;\"><em>Ein Engel <\/em>tanzt am Himmel mit,<\/p>\n<p style=\"font-weight: 400;\">dreht sich vergn\u00fcgt im Kreis<\/p>\n<p style=\"font-weight: 400;\">und eine<em> Amsel<\/em> \u2013 zwitzwitzwit &#8211;<\/p>\n<p style=\"font-weight: 400;\">macht die Musik ganz leis.<\/p>\n<p style=\"font-weight: 400;\">Doch Fisch und Engel h\u00f6ren sie,<\/p>\n<p style=\"font-weight: 400;\">die Hoffnungs\/Fr\u00fchlingsmelodie.<\/p>\n<p style=\"font-weight: 400;\">12.12.<\/p>\n<p style=\"font-weight: 400;\">Der <em>Tannenbaum im Winterkleid<\/em>,<\/p>\n<p style=\"font-weight: 400;\">die gr\u00fcnen \u00c4ste tief verschneit,<\/p>\n<p style=\"font-weight: 400;\">sieht in der Ferne ganz verschwommen<\/p>\n<p style=\"font-weight: 400;\">einen <em>Stab mit Grille<\/em> kommen.<\/p>\n<p style=\"font-weight: 400;\">Der<em> Buchfink<\/em> sieht das gleiche,<\/p>\n<p style=\"font-weight: 400;\">von seinem Platz aus auf n\u2018er Eiche.<\/p>\n<p style=\"font-weight: 400;\">Der Hase, der schaut ganz verwirrt.<\/p>\n<p style=\"font-weight: 400;\">Kann es sein, dass er sich irrt?<\/p>\n<p style=\"font-weight: 400;\">Doch ja, es ist ein <em>Stab mit Grille<\/em><\/p>\n<p style=\"font-weight: 400;\">der da st\u00f6rt des Waldes Stille.<\/p>\n<p style=\"font-weight: 400;\">Er stapft laut zirpend durch den Tann<\/p>\n<p style=\"font-weight: 400;\">und ihm folgt der Weihnachtsmann<\/p>\n<p style=\"font-weight: 400;\">\n<p style=\"font-weight: 400;\">13.12.2023<\/p>\n<p style=\"font-weight: 400;\">Ein <em>Buntspecht<\/em> klopft laut pochpochpoch<\/p>\n<p style=\"font-weight: 400;\">vergr\u00f6\u00dfert so des Baumstamms Loch<\/p>\n<p style=\"font-weight: 400;\">f\u00fcr seine Freundin, Frau <em>Kanari.<\/em><\/p>\n<p style=\"font-weight: 400;\">Die geigt auf ihrer Stradivari<\/p>\n<p style=\"font-weight: 400;\">die allersch\u00f6nsten Melodien.<\/p>\n<p style=\"font-weight: 400;\">Im Himmelsblau <em>Wildg\u00e4nse<\/em> ziehen<\/p>\n<p style=\"font-weight: 400;\">vom Norden in den S\u00fcden \u2013<\/p>\n<p style=\"font-weight: 400;\">sie fliegen, ohne zu erm\u00fcden,<\/p>\n<p style=\"font-weight: 400;\">viele Kilometer weit &#8211;<\/p>\n<p style=\"font-weight: 400;\">jedoch nicht zur Weihnachtszeit.<\/p>\n<p style=\"font-weight: 400;\">I<em>m Gitterkoffer<\/em> wohnt <em>ein Haus<\/em>,<\/p>\n<p style=\"font-weight: 400;\">lugt durch die St\u00e4be aus ihm raus,<\/p>\n<p style=\"font-weight: 400;\">w\u00e4re auch so gerne frei<\/p>\n<p style=\"font-weight: 400;\">wie die andern drei.<\/p>\n<p style=\"font-weight: 400;\">14.12.<\/p>\n<p style=\"font-weight: 400;\">Die <em>Kugeln auf dem Weihnachtsbaum<\/em>,<\/p>\n<p style=\"font-weight: 400;\">die glitzern wie ein Glitzertraum.<\/p>\n<p style=\"font-weight: 400;\">Die <em>Goldammer<\/em> ist nicht aus Gold,<\/p>\n<p style=\"font-weight: 400;\">doch ihr Gesang ist goldenhold.<\/p>\n<p style=\"font-weight: 400;\">Der<em> Esel<\/em> schreit ganz laut IA &#8211;<\/p>\n<p style=\"font-weight: 400;\">ich Esel bin doch auch noch da!<\/p>\n<p style=\"font-weight: 400;\">Der<em> Hund<\/em> mit seinen langen Ohren,<\/p>\n<p style=\"font-weight: 400;\">erscheint mir ziemlich unverfroren &#8211;<\/p>\n<p style=\"font-weight: 400;\">er wendet mir den R\u00fccken zu.<\/p>\n<p style=\"font-weight: 400;\">Anscheinend will er seine Ruh.<\/p>\n<p style=\"font-weight: 400;\">Die Bilder habe ich nun alle aufgez\u00e4hlt,<\/p>\n<p style=\"font-weight: 400;\">damit auch heut, am 14., von ihnen keines fehlt.<\/p>\n<p style=\"font-weight: 400;\">15.12.<\/p>\n<p style=\"font-weight: 400;\">Vom Vogelkonzert aufgeschreckt<\/p>\n<p style=\"font-weight: 400;\">Herr <em><u>Has\u2018<\/u><\/em> die Ohr\u2018n zum Himmel reckt.<\/p>\n<p style=\"font-weight: 400;\">Die Ohren werden lang und l\u00e4nger,<\/p>\n<p style=\"font-weight: 400;\">das Hasenherz schl\u00e4gt bang und b\u00e4nger.<\/p>\n<p style=\"font-weight: 400;\">Doch sind es nicht der <em>Meisen <\/em>Stimmen,<\/p>\n<p style=\"font-weight: 400;\">die ihn zum Ohrenstrecken bringen.<\/p>\n<p style=\"font-weight: 400;\">Was <em>den Hasen<\/em> \u00e4ngstlich macht,<\/p>\n<p style=\"font-weight: 400;\">ist das rote Ding, das kracht<\/p>\n<p style=\"font-weight: 400;\">und rattert durch den Wald,<\/p>\n<p style=\"font-weight: 400;\">sodass vom Berg es widerhallt.<\/p>\n<p style=\"font-weight: 400;\"><em>Ein Motorrad mit bunten P\u00e4ckchen<\/em><\/p>\n<p style=\"font-weight: 400;\">und vielen prall gef\u00fcllten S\u00e4ckchen<\/p>\n<p style=\"font-weight: 400;\">sucht seinen Weg durch tiefen Schnee \u2013<\/p>\n<p style=\"font-weight: 400;\">das macht dem Hasen Ohrenweh.<\/p>\n<p style=\"font-weight: 400;\"><em>Blaumeisen<\/em> sind\u2018s, die heute singen<\/p>\n<p style=\"font-weight: 400;\">und ihre Vogellieder klingen<\/p>\n<p style=\"font-weight: 400;\">nach Hoffnung und nach Weihnachtsfreude.<\/p>\n<p style=\"font-weight: 400;\">Sie tun den Ohren nichts zuleide.<\/p>\n<p style=\"font-weight: 400;\">16.12.<\/p>\n<p style=\"font-weight: 400;\">Ein <em>Wurm schaut keck vom Apfel raus<\/em>,<\/p>\n<p style=\"font-weight: 400;\">ist rund und stark vom Fruchtfleischschmaus.<\/p>\n<p style=\"font-weight: 400;\">Das gef\u00e4llt dem <em>Goldh\u00e4hnchen<\/em><\/p>\n<p style=\"font-weight: 400;\">mit seinen schwarzen Federstr\u00e4hnchen<\/p>\n<p style=\"font-weight: 400;\">zwischen dem Gelb auf seiner Stirne.<\/p>\n<p style=\"font-weight: 400;\">Es fr\u00e4\u00dfe den Wurm auch von `ner Birne,<\/p>\n<p style=\"font-weight: 400;\">Hauptsache er ist dick und fett.<\/p>\n<p style=\"font-weight: 400;\">Das findet der<em> Teddyb\u00e4r<\/em> nicht nett.<\/p>\n<p style=\"font-weight: 400;\">Er schl\u00e4gt auf <em>seine Trommel<\/em> drauf<\/p>\n<p style=\"font-weight: 400;\">und ruft dem Wurm zu \u201eLauf, lauf, lauf!\u201c<\/p>\n<p style=\"font-weight: 400;\">Das Goldh\u00e4hnchen fliegt schnell davon,<\/p>\n<p style=\"font-weight: 400;\">aufgeschreckt vom Trommelton.<\/p>\n<p style=\"font-weight: 400;\">Es setzt sich auf die<em> Tannenb\u00e4ume<\/em>,<\/p>\n<p style=\"font-weight: 400;\">die schon<em> geschm\u00fcckt <\/em>sind f\u00fcr die R\u00e4ume,<\/p>\n<p style=\"font-weight: 400;\">die sie mit Glanz erf\u00fcllen werden,<\/p>\n<p style=\"font-weight: 400;\">denn es weihnachtet auf Erden.<\/p>\n<p style=\"font-weight: 400;\">17.12.<\/p>\n<p style=\"font-weight: 400;\"><em>Ein Frosch sitzt gr\u00fcn am roten A,<\/em><\/p>\n<p style=\"font-weight: 400;\">er sitzt am A ganz oben,<\/p>\n<p style=\"font-weight: 400;\">sagt einen Sonnentag so an \u2013<\/p>\n<p style=\"font-weight: 400;\">Frosch, ich muss dich loben.<\/p>\n<p style=\"font-weight: 400;\">Und n\u00e4her, immer n\u00e4her<\/p>\n<p style=\"font-weight: 400;\">kommt jetzt der<em> Eichelh\u00e4her<\/em><\/p>\n<p style=\"font-weight: 400;\">seiner Freundin Frau <em>Eichkatz.<\/em><\/p>\n<p style=\"font-weight: 400;\">Erst gibt er ihr `nen lauten Schmatz,<\/p>\n<p style=\"font-weight: 400;\">dann schenkt er ihr `ne Eichel-<\/p>\n<p style=\"font-weight: 400;\">Ist besser als Geschmeichel.<\/p>\n<p style=\"font-weight: 400;\">Will grad ein Liedchen f\u00fcr sie singen,<\/p>\n<p style=\"font-weight: 400;\">als leis und hell die Kugeln klingen.<\/p>\n<p style=\"font-weight: 400;\">Gr\u00fcn wie der Frosch, rot wie das A,<\/p>\n<p style=\"font-weight: 400;\">aus Glas und wohl zum Schm\u00fccken da,<\/p>\n<p style=\"font-weight: 400;\">singen sie ein Lied im Wind.<\/p>\n<p style=\"font-weight: 400;\">Weil alle jetzt beisammen sind,<\/p>\n<p style=\"font-weight: 400;\">kann ich recht zufrieden sein<\/p>\n<p style=\"font-weight: 400;\">mit dem Adventgedichtelein.<\/p>\n<p style=\"font-weight: 400;\">18.12.<\/p>\n<p style=\"font-weight: 400;\">Es war einmal ein <em>Distelfink<\/em>,<\/p>\n<p style=\"font-weight: 400;\">der sang aus voller Brust.<\/p>\n<p style=\"font-weight: 400;\">Von morgens fr\u00fch bis abends sp\u00e4t<\/p>\n<p style=\"font-weight: 400;\">war er voll Sangeslust.<\/p>\n<p style=\"font-weight: 400;\">Der <em>Schwan<\/em> am See liebt den Gesang,<\/p>\n<p style=\"font-weight: 400;\">er selbst trompetet nur,<\/p>\n<p style=\"font-weight: 400;\">und folgt in seinem Watschelgang<\/p>\n<p style=\"font-weight: 400;\">des S\u00e4ngers Liederspur.<\/p>\n<p style=\"font-weight: 400;\">Doch leider hat er sie verloren.<\/p>\n<p style=\"font-weight: 400;\">Er steht im Wald nun ganz verfroren<\/p>\n<p style=\"font-weight: 400;\">und kennt sich nicht mehr aus.<\/p>\n<p style=\"font-weight: 400;\">Er klopft an bei der<em> Fledermaus<\/em>,<\/p>\n<p style=\"font-weight: 400;\">doch die ist nicht zu Haus.<\/p>\n<p style=\"font-weight: 400;\">Ein <em>Vogel, ganz wei\u00df<\/em> wie der Schwan,<\/p>\n<p style=\"font-weight: 400;\">jedoch mit <em>gr\u00fcnen Fl\u00fcgeln,<\/em><\/p>\n<p style=\"font-weight: 400;\">kreuzt pfeifend nun des Schwanes Bahn,<\/p>\n<p style=\"font-weight: 400;\">er kommt grad von den H\u00fcgeln,<\/p>\n<p style=\"font-weight: 400;\">die von Ferne sind zu sehen.<\/p>\n<p style=\"font-weight: 400;\">Der Schwan fragt:<\/p>\n<p style=\"font-weight: 400;\">\u201eKannst du mich verstehen?<\/p>\n<p style=\"font-weight: 400;\">Ich such den Weg zur\u00fcck zum See!\u201c<\/p>\n<p style=\"font-weight: 400;\">Der Vogel meint: \u201eOje oje,<\/p>\n<p style=\"font-weight: 400;\">da hast du dich verlaufen!<\/p>\n<p style=\"font-weight: 400;\">Ich w\u00fcrde mir, trotz Eis und Schnee,<\/p>\n<p style=\"font-weight: 400;\">einen Waldplan kaufen.<\/p>\n<p style=\"font-weight: 400;\">Man sieht jetzt zwar die Wege nicht,<\/p>\n<p style=\"font-weight: 400;\">doch hat man eine \u00dcbersicht.\u201c<\/p>\n<p style=\"font-weight: 400;\">Der Schwan l\u00e4sst seinen Kopf nun h\u00e4ngen<\/p>\n<p style=\"font-weight: 400;\">und meint: \u201eIch will dich ja nicht dr\u00e4ngen,<\/p>\n<p style=\"font-weight: 400;\">doch wartet auf mich meine Frau.<\/p>\n<p style=\"font-weight: 400;\">Die sorgt sich schon! Ich wei\u00df genau,<\/p>\n<p style=\"font-weight: 400;\">dass sie das tut!\u201c<\/p>\n<p style=\"font-weight: 400;\">Der Vogel meint: \u201eAch Schwan, nur Mut!<\/p>\n<p style=\"font-weight: 400;\">Ich kenn da einen Distelfink,<\/p>\n<p style=\"font-weight: 400;\">der bringt dich raus hier finkig flink!\u201c<\/p>\n<p style=\"font-weight: 400;\">Er pfeift dann einen schrillen Ton<\/p>\n<p style=\"font-weight: 400;\">und gleich darauf, da sieht man schon<\/p>\n<p style=\"font-weight: 400;\">einen Vogel in der Luft.<\/p>\n<p style=\"font-weight: 400;\">Er landet bei den beiden andern.<\/p>\n<p style=\"font-weight: 400;\">\u201eHe, wollt ihr mit mir wandern?<\/p>\n<p style=\"font-weight: 400;\">Ich kenne viele sch\u00f6ne Lieder \u2013<\/p>\n<p style=\"font-weight: 400;\">so sch\u00f6n! Ich sing sie immer wieder.\u201c<\/p>\n<p style=\"font-weight: 400;\">Und er stimmt ein Liedchen an.<\/p>\n<p style=\"font-weight: 400;\">\u201eHe, V\u00f6gelchen, du bist mein Mann!<\/p>\n<p style=\"font-weight: 400;\">Durch deine Stimme angelockt,<\/p>\n<p style=\"font-weight: 400;\">hab ich mir all das aufgebockt,<\/p>\n<p style=\"font-weight: 400;\">das Verirren hier im Wald.<\/p>\n<p style=\"font-weight: 400;\">Leit\u2018 mich zum See, mir ist schon kalt.\u201c<\/p>\n<p style=\"font-weight: 400;\">Dann am Wasser angekommen,<\/p>\n<p style=\"font-weight: 400;\">ist der Schwan gleich rausgeschwommen.<\/p>\n<p style=\"font-weight: 400;\">Winkt noch mal mit einem Fl\u00fcgel,<\/p>\n<p style=\"font-weight: 400;\">die V\u00f6gel fliegn zur\u00fcck zum H\u00fcgel.<\/p>\n<p style=\"font-weight: 400;\"><em>19.12<\/em><\/p>\n<p style=\"font-weight: 400;\"><em>Engel<\/em>, die <em>Pullover<\/em> tragen, sind so selten<\/p>\n<p style=\"font-weight: 400;\">wie<em> Katzen mit einer L\u00f6wenm\u00e4hne<\/em> und der Stimme einer <em>Kohlmeise.<\/em><\/p>\n<p style=\"font-weight: 400;\"><em>\u00a0<\/em>20.12.<\/p>\n<p style=\"font-weight: 400;\"><em>Nessie mit dem Lamakopf<\/em><\/p>\n<p style=\"font-weight: 400;\">tr\u00e4gt <em>ein Kr\u00f6nchen <\/em>auf dem Schopf<\/p>\n<p style=\"font-weight: 400;\">und der <em>M\u00e4usebussard<\/em> schreit:<\/p>\n<p style=\"font-weight: 400;\">\u201eEine sch\u00f6ne Weihnachtszeit<\/p>\n<p style=\"font-weight: 400;\">w\u00fcnsch ich allen Erdenwesen!\u201c<\/p>\n<p style=\"font-weight: 400;\">Der Pinguin mit seinem Besen<\/p>\n<p style=\"font-weight: 400;\">tr\u00e4gt schon seinen Weihnachtspulli.<\/p>\n<p style=\"font-weight: 400;\">Er kommt vom S\u00fcdpol und hei\u00dft Ulli.<\/p>\n<p style=\"font-weight: 400;\">Jetzt kehrt er, ja er gl\u00e4nzt ihn fast,<\/p>\n<p style=\"font-weight: 400;\">den Platz um den <em>Laternenmast,<\/em><\/p>\n<p style=\"font-weight: 400;\">der, geschm\u00fcckt vom <em>Lichterkranz,<\/em><\/p>\n<p style=\"font-weight: 400;\">l\u00e4dt alle ein zum Weihnachtstanz.<\/p>\n<p style=\"font-weight: 400;\">Und schon kann man sie hier sehen,<\/p>\n<p style=\"font-weight: 400;\">wie sie sich im Kreise drehen.<\/p>\n<p style=\"font-weight: 400;\">Nessi, Bussard Pinguin,<\/p>\n<p style=\"font-weight: 400;\">alle kamen schleunigst hin.<\/p>\n<p style=\"font-weight: 400;\">Wollen zusammen fr\u00f6hlich sein<\/p>\n<p style=\"font-weight: 400;\">im weihnachtlichen Kerzenschein.<\/p>\n<p style=\"font-weight: 400;\">21.12.<\/p>\n<p style=\"font-weight: 400;\"><em>Wei\u00df\/rot gemustert<\/em> steht sie da,<\/p>\n<p style=\"font-weight: 400;\">als w\u00e4r\u2018 sie ein Pullover.<\/p>\n<p style=\"font-weight: 400;\">Die <em>Glocke<\/em> scheint sehr sonderbar \u2013<\/p>\n<p style=\"font-weight: 400;\">das meint auch Herr Grundschober.<\/p>\n<p style=\"font-weight: 400;\">Herr <em>Seidenschwanz<\/em> stimmt ihm gleich zu,<\/p>\n<p style=\"font-weight: 400;\">Herr Seidenschwanz ist schlau,<\/p>\n<p style=\"font-weight: 400;\">steht mit dem <em>Fuchs <\/em>auf Du und Du,<\/p>\n<p style=\"font-weight: 400;\">dem Fuchs vom Achterbau.<\/p>\n<p style=\"font-weight: 400;\">Doch Herr <em>Kleiber<\/em> findet\u2019s fein.<\/p>\n<p style=\"font-weight: 400;\">\u201eDie Glocke muss aus Gold nicht sein.<\/p>\n<p style=\"font-weight: 400;\">Die Dinge m\u00fcssen sich bewegen!<\/p>\n<p style=\"font-weight: 400;\">Glocke, du hast meinen Segen.\u201c<\/p>\n<p style=\"font-weight: 400;\">22.12.<\/p>\n<p style=\"font-weight: 400;\">Des <em>Hirsch\u2018 Geweih ist bunt geschm\u00fcckt,<\/em><\/p>\n<p style=\"font-weight: 400;\">gl\u00e4nzt wie ein Weihnachtsbaum.<\/p>\n<p style=\"font-weight: 400;\"><em>Drei gold\u2018ne Glocken<\/em> h\u00e4ngen drauf,<\/p>\n<p style=\"font-weight: 400;\">verk\u00fcnden laut den Friedenstraum<\/p>\n<p style=\"font-weight: 400;\">mit ihrem hellen Klang.<\/p>\n<p style=\"font-weight: 400;\">Von den T\u00f6nen angezogen,<\/p>\n<p style=\"font-weight: 400;\">kommt ein <em>Gr\u00fcnfink<\/em> hin geflogen.<\/p>\n<p style=\"font-weight: 400;\">Auch watschelt daher <em>ein Pinguin.<\/em><\/p>\n<p style=\"font-weight: 400;\">Friedensmusik ist der Beginn<\/p>\n<p style=\"font-weight: 400;\">von einer wunderbaren Zeit,<\/p>\n<p style=\"font-weight: 400;\">ohne Krieg und ohne Leid.<\/p>\n<p style=\"font-weight: 400;\">Ja! Ein geschm\u00fccktes Hirschgeweih<\/p>\n<p style=\"font-weight: 400;\">kann bewirken allerlei.<\/p>\n<p style=\"font-weight: 400;\">23.12.<\/p>\n<p style=\"font-weight: 400;\">Mit <em>Geschenken voll beladen<\/em><\/p>\n<p style=\"font-weight: 400;\">saust ein <em>Auto <\/em>durch den Wald.<\/p>\n<p style=\"font-weight: 400;\">Brumdiebrumm und t\u00fct\u00fct\u00fc &#8211;<\/p>\n<p style=\"font-weight: 400;\">auch der Auspuff knallt.<\/p>\n<p style=\"font-weight: 400;\">Im Weiher schwimmt ein<em> Fisch<\/em> im Kreis,<\/p>\n<p style=\"font-weight: 400;\">er blublublubt vor sich ganz leis.<\/p>\n<p style=\"font-weight: 400;\">So singt er seine Weihnachtslieder &#8211;<\/p>\n<p style=\"font-weight: 400;\">fast unh\u00f6rbar, doch immer wieder.<\/p>\n<p style=\"font-weight: 400;\"><em>Erlenzeisig\u2018<\/em> ohne Zahl<\/p>\n<p style=\"font-weight: 400;\">warten auf ihr Weihnachsmahl<\/p>\n<p style=\"font-weight: 400;\">und die <em>Kinder mit den Glocken<\/em><\/p>\n<p style=\"font-weight: 400;\">wollen sie zu sich herlocken.<\/p>\n<p style=\"font-weight: 400;\">Verstreuen N\u00fcss\u2018 und Kerne,<\/p>\n<p style=\"font-weight: 400;\">die m\u00f6gen V\u00f6gel gerne.<\/p>\n<p style=\"font-weight: 400;\">Und ich liebe W\u00f6rterb\u00e4nder<\/p>\n<p style=\"font-weight: 400;\">mit Bildern vom Adventkalender.<\/p>\n<p style=\"font-weight: 400;\">24.12.<\/p>\n<p style=\"font-weight: 400;\">Die <em>Hirten um die Krippe<\/em> steh\u2018n<\/p>\n<p style=\"font-weight: 400;\">wollen das kleine Kind drin sehn.<\/p>\n<p style=\"font-weight: 400;\">Auch Ochs und Esel schau\u2018n es an,<\/p>\n<p style=\"font-weight: 400;\">den Konkurrent vom Weihnachtsmann.<\/p>\n<p style=\"font-weight: 400;\">Die <em>Eule<\/em> hoch auf ihrem Baume<\/p>\n<p style=\"font-weight: 400;\">kommt so recht in Feierlaune<\/p>\n<p style=\"font-weight: 400;\">und ruft dem <em>Eichh\u00f6rnchen<\/em> laut zu<\/p>\n<p style=\"font-weight: 400;\">\u201e<em>Frohe Weihnacht<\/em>!\u201c und im Nu<\/p>\n<p style=\"font-weight: 400;\">sind alle Herzen voller Gl\u00fcck.<\/p>\n<p style=\"font-weight: 400;\">Christkind ist unser bestes St\u00fcck.<\/p>\n<p style=\"font-weight: 400;\">\n<p style=\"font-weight: 400;\">\n<p>&nbsp;<\/p>\n","protected":false},"excerpt":{"rendered":"<p>1.12 Heut fr\u00fch, da habe ich vier Fenster aufgemacht &#8211; auf jedem stand drauf 1. Beim ersten eine Kuh rauslacht, doch Euter hat sie keins. Sie tr\u00e4gt ein langes, braunes Kleid. Ist das die Kuhmode zurzeit? Beim zweiten, winz\u2018gen Fensterlein da schaut ne Eule raus. Die Eule ist zwergeulenklein und passt gut in das Haus [&hellip;]<\/p>\n","protected":false},"author":2,"featured_media":0,"comment_status":"open","ping_status":"open","sticky":false,"template":"","format":"standard","meta":{"footnotes":""},"categories":[4],"tags":[],"class_list":["post-383","post","type-post","status-publish","format-standard","hentry","category-aktuelles"],"_links":{"self":[{"href":"https:\/\/gretaschneider.at\/index.php\/wp-json\/wp\/v2\/posts\/383","targetHints":{"allow":["GET"]}}],"collection":[{"href":"https:\/\/gretaschneider.at\/index.php\/wp-json\/wp\/v2\/posts"}],"about":[{"href":"https:\/\/gretaschneider.at\/index.php\/wp-json\/wp\/v2\/types\/post"}],"author":[{"embeddable":true,"href":"https:\/\/gretaschneider.at\/index.php\/wp-json\/wp\/v2\/users\/2"}],"replies":[{"embeddable":true,"href":"https:\/\/gretaschneider.at\/index.php\/wp-json\/wp\/v2\/comments?post=383"}],"version-history":[{"count":17,"href":"https:\/\/gretaschneider.at\/index.php\/wp-json\/wp\/v2\/posts\/383\/revisions"}],"predecessor-version":[{"id":430,"href":"https:\/\/gretaschneider.at\/index.php\/wp-json\/wp\/v2\/posts\/383\/revisions\/430"}],"wp:attachment":[{"href":"https:\/\/gretaschneider.at\/index.php\/wp-json\/wp\/v2\/media?parent=383"}],"wp:term":[{"taxonomy":"category","embeddable":true,"href":"https:\/\/gretaschneider.at\/index.php\/wp-json\/wp\/v2\/categories?post=383"},{"taxonomy":"post_tag","embeddable":true,"href":"https:\/\/gretaschneider.at\/index.php\/wp-json\/wp\/v2\/tags?post=383"}],"curies":[{"name":"wp","href":"https:\/\/api.w.org\/{rel}","templated":true}]}}