{"id":1481,"date":"2010-10-19T00:00:00","date_gmt":"2010-10-19T00:00:00","guid":{"rendered":"https:\/\/gretaschneider.at\/index.php\/2010\/10\/19\/radeli-bu-radeli-ba-bald-ist-der-november-da\/"},"modified":"2010-10-19T00:00:00","modified_gmt":"2010-10-19T00:00:00","slug":"radeli-bu-radeli-ba-bald-ist-der-november-da","status":"publish","type":"post","link":"https:\/\/gretaschneider.at\/index.php\/2010\/10\/19\/radeli-bu-radeli-ba-bald-ist-der-november-da\/","title":{"rendered":"Radeli bu radeli ba bald ist der November da!"},"content":{"rendered":"<p>Radeli bu radeli ba bald ist der November da!<br \/>\nMit seinem Nebelautomat  verh\u00fcllt er  Wiesen, Wald und Stadt.<br \/>\nNur oben auf der Bergesspitze l\u00e4sst er eine Aussichtsritze<br \/>\nund man kann von dort dann  sehen, wie im Tal die Nebel wehen.<br \/>\nDie Sonne lacht vergn\u00fcgt dazu.<br \/>\nRadeli ba radeli bu<\/p>\n","protected":false},"excerpt":{"rendered":"<p>Radeli bu radeli ba bald ist der November da! Mit seinem Nebelautomat verh\u00fcllt er Wiesen, Wald und Stadt. Nur oben auf der Bergesspitze l\u00e4sst er eine Aussichtsritze und man kann von dort dann sehen, wie im Tal die Nebel wehen. Die Sonne lacht vergn\u00fcgt dazu. Radeli ba radeli bu<\/p>\n","protected":false},"author":1,"featured_media":0,"comment_status":"open","ping_status":"open","sticky":false,"template":"","format":"standard","meta":{"footnotes":""},"categories":[4],"tags":[],"class_list":["post-1481","post","type-post","status-publish","format-standard","hentry","category-aktuelles"],"_links":{"self":[{"href":"https:\/\/gretaschneider.at\/index.php\/wp-json\/wp\/v2\/posts\/1481","targetHints":{"allow":["GET"]}}],"collection":[{"href":"https:\/\/gretaschneider.at\/index.php\/wp-json\/wp\/v2\/posts"}],"about":[{"href":"https:\/\/gretaschneider.at\/index.php\/wp-json\/wp\/v2\/types\/post"}],"author":[{"embeddable":true,"href":"https:\/\/gretaschneider.at\/index.php\/wp-json\/wp\/v2\/users\/1"}],"replies":[{"embeddable":true,"href":"https:\/\/gretaschneider.at\/index.php\/wp-json\/wp\/v2\/comments?post=1481"}],"version-history":[{"count":0,"href":"https:\/\/gretaschneider.at\/index.php\/wp-json\/wp\/v2\/posts\/1481\/revisions"}],"wp:attachment":[{"href":"https:\/\/gretaschneider.at\/index.php\/wp-json\/wp\/v2\/media?parent=1481"}],"wp:term":[{"taxonomy":"category","embeddable":true,"href":"https:\/\/gretaschneider.at\/index.php\/wp-json\/wp\/v2\/categories?post=1481"},{"taxonomy":"post_tag","embeddable":true,"href":"https:\/\/gretaschneider.at\/index.php\/wp-json\/wp\/v2\/tags?post=1481"}],"curies":[{"name":"wp","href":"https:\/\/api.w.org\/{rel}","templated":true}]}}