{"id":1470,"date":"2010-11-12T00:00:00","date_gmt":"2010-11-12T00:00:00","guid":{"rendered":"https:\/\/gretaschneider.at\/index.php\/2010\/11\/12\/die-kuchenmaus-wohnt-in-einem-kuchenhaus-hmm-schmeckt-ihr-das-fein\/"},"modified":"2024-08-12T11:37:25","modified_gmt":"2024-08-12T11:37:25","slug":"die-kuchenmaus-wohnt-in-einem-kuchenhaus-hmm-schmeckt-ihr-das-fein","status":"publish","type":"post","link":"https:\/\/gretaschneider.at\/index.php\/2010\/11\/12\/die-kuchenmaus-wohnt-in-einem-kuchenhaus-hmm-schmeckt-ihr-das-fein\/","title":{"rendered":"Die Kuchenmaus  wohnt in einem Kuchenhaus."},"content":{"rendered":"<p>Die Kuchenmaus  wohnt in einem Kuchenhaus. Hmm, schmeckt ihr das fein!<br \/>\nHe Maus! Friss nicht dein Haus auf, sonst wirst du hauslos sein!<br \/>\nZieh lieber in ein K\u00e4sehaus oder in eins aus Speck,<br \/>\ndann frisst du dir nicht \u2013 schmatzeschmatz &#8211;  dein eignes H\u00e4uschen weg!<br \/>\nIch fress solang ich fressen mag und hab ich dann kein Haus,<br \/>\nso ist mir das ganz und gar Wurst. Ich mache mir  nichts draus.<br \/>\nIch bin  eine Kuchenmaus! Ich kenne viele B\u00e4cker!<br \/>\nHmm! Mein  neues Kuchenhaus schmeckt genau so  lecker!<\/p>\n<p>10.11.2010<br \/>\nAn seinem Geburtstag wacht Gilli auf und es ist kein sch\u00f6nes Geburtstagstagaufwachen!<br \/>\nGillis Hals schmerzt, seine Nase ist verstopft und sein Kopf sp\u00fcrt sich an, als wollte er platzen.<br \/>\nUnd wenn sich ein Kopf so anf\u00fchlt, dann tut das ziemlich weh.<br \/>\nGillis Stirn f\u00fchlt sich hei\u00df an. \u201eBin ich krank?\u201c kann Gilli noch denken und dann schl\u00e4ft er schon wieder ein.<br \/>\n\u201eZum Geburtstag viel Gl\u00fcck! Zum Geburtstag viel Gl\u00fcck!<br \/>\nZum Geburtstag lieber Gilli, zum Geburtstag viel Gl\u00fcck\u201c singt ein Gl\u00fccksschweinechor<br \/>\nund ein Ziegenmeckertrio begleitet ihn dabei. Dann kommt ein Frosch angesprungen.<br \/>\nEr balanciert eine winzige Geburtstagstorte auf seiner langen Zunge.<br \/>\nGilli lacht: \u201eDiese Torte ist ja f\u00fcr den hohlen Zahn!\u201c will er sagen,<br \/>\ndoch es kommt kein Ton aus seinem Mund. Nur ein schreckliches Kr\u00e4chzen.<br \/>\nDas finden die Gl\u00fccksschweine zu komisch! Sie quietschen vergn\u00fcgt und tanzen um Gilli herum.<br \/>\nDer Tortenfrosch springt Gilli auf den Kopf und streckt seine lange Zunge mit der Torte drauf wie einen L\u00f6ffel in Gillis Mund.<br \/>\nDie Ziegen meckern dazu und \u00fcberreichen einen Gl\u00fcckskleestrau\u00df. Gilli m\u00f6chte gerne davonlaufen, aber er kann sich nicht r\u00fchren.<br \/>\nAu\u00dferdem ist ihm schrecklich hei\u00df! Ist er vielleicht in Afrika?<br \/>\nDa kommt eine riesige Schildkr\u00f6te  auf Gilli zu.<br \/>\nSie singt  Gillis ganz spezielles Geburtstagslied:  \u201eGeburtstag ist ein Zaubertag,<br \/>\nwo sich jeder w\u00fcnschen mag, was er am liebsten haben will. Am besten Gl\u00fcck und Segen,<br \/>\nauf allen Lebenswegen\u2026\u201c Und dann schleckt ihm die Schildkr\u00f6te mit ihrer k\u00fchlen Zunge<br \/>\n\u00fcber die Stirne und sagt mit Piapams Stimme:  \u201eGilli, du gl\u00fchst ja!\u201c Ist das alles nur ein Traum?<\/p>\n","protected":false},"excerpt":{"rendered":"<p>Die Kuchenmaus wohnt in einem Kuchenhaus. Hmm, schmeckt ihr das fein! He Maus! Friss nicht dein Haus auf, sonst wirst du hauslos sein! Zieh lieber in ein K\u00e4sehaus oder in eins aus Speck, dann frisst du dir nicht \u2013 schmatzeschmatz &#8211; dein eignes H\u00e4uschen weg! Ich fress solang ich fressen mag und hab ich dann [&hellip;]<\/p>\n","protected":false},"author":1,"featured_media":0,"comment_status":"open","ping_status":"open","sticky":false,"template":"","format":"standard","meta":{"footnotes":""},"categories":[4],"tags":[],"class_list":["post-1470","post","type-post","status-publish","format-standard","hentry","category-aktuelles"],"_links":{"self":[{"href":"https:\/\/gretaschneider.at\/index.php\/wp-json\/wp\/v2\/posts\/1470","targetHints":{"allow":["GET"]}}],"collection":[{"href":"https:\/\/gretaschneider.at\/index.php\/wp-json\/wp\/v2\/posts"}],"about":[{"href":"https:\/\/gretaschneider.at\/index.php\/wp-json\/wp\/v2\/types\/post"}],"author":[{"embeddable":true,"href":"https:\/\/gretaschneider.at\/index.php\/wp-json\/wp\/v2\/users\/1"}],"replies":[{"embeddable":true,"href":"https:\/\/gretaschneider.at\/index.php\/wp-json\/wp\/v2\/comments?post=1470"}],"version-history":[{"count":1,"href":"https:\/\/gretaschneider.at\/index.php\/wp-json\/wp\/v2\/posts\/1470\/revisions"}],"predecessor-version":[{"id":1517,"href":"https:\/\/gretaschneider.at\/index.php\/wp-json\/wp\/v2\/posts\/1470\/revisions\/1517"}],"wp:attachment":[{"href":"https:\/\/gretaschneider.at\/index.php\/wp-json\/wp\/v2\/media?parent=1470"}],"wp:term":[{"taxonomy":"category","embeddable":true,"href":"https:\/\/gretaschneider.at\/index.php\/wp-json\/wp\/v2\/categories?post=1470"},{"taxonomy":"post_tag","embeddable":true,"href":"https:\/\/gretaschneider.at\/index.php\/wp-json\/wp\/v2\/tags?post=1470"}],"curies":[{"name":"wp","href":"https:\/\/api.w.org\/{rel}","templated":true}]}}