{"id":1443,"date":"2011-01-09T00:00:00","date_gmt":"2011-01-09T00:00:00","guid":{"rendered":"https:\/\/gretaschneider.at\/index.php\/2011\/01\/09\/fredo-hat-einen-weissen-pelzmantel-an-und-minou-auch-wenn-sie-mit-ihren-pelzmaenteln-im-schnee-spazieren-dann-sieht-man-die-beiden-fast-nicht-sie-laufen-aus-dem-haus-ueber-das-schneebedeckte-feld-h\/"},"modified":"2024-08-12T11:34:11","modified_gmt":"2024-08-12T11:34:11","slug":"fredo-hat-einen-weissen-pelzmantel-an-und-minou-auch-wenn-sie-mit-ihren-pelzmaenteln-im-schnee-spazieren-dann-sieht-man-die-beiden-fast-nicht-sie-laufen-aus-dem-haus-ueber-das-schneebedeckte-feld-h","status":"publish","type":"post","link":"https:\/\/gretaschneider.at\/index.php\/2011\/01\/09\/fredo-hat-einen-weissen-pelzmantel-an-und-minou-auch-wenn-sie-mit-ihren-pelzmaenteln-im-schnee-spazieren-dann-sieht-man-die-beiden-fast-nicht-sie-laufen-aus-dem-haus-ueber-das-schneebedeckte-feld-h\/","title":{"rendered":"Fredo hat einen wei\u00dfen Pelzmantel an"},"content":{"rendered":"<p>Fredo hat einen wei\u00dfen Pelzmantel an und Minou auch. Wenn sie mit ihren Pelzm\u00e4nteln im Schnee spazieren, dann sieht man die beiden fast nicht. Sie laufen aus dem Haus \u00fcber das schneebedeckte Feld hinunter zum See. Der See ist von  einer dicken Eisschicht verschlossen. Da k\u00f6nnen die Fische nicht raus und alle anderen Wesen nicht rein. Der See hat Wintersperre. Auf der schwarzgl\u00e4nzenden Eisschicht wachsen kleine wei\u00dfe Kristallrosen. \u201eSchau, wie sch\u00f6n der Raureif ist!\u201c sagt Fredo und schubst Minou an. \u201eWie herrlich die wei\u00dfen Berggipfel in der Sonne gl\u00e4nzen, \u201c sagt Minou und dehnt und streckt sich. Auch am See sieht man die beiden in ihren wei\u00dfen Pelzm\u00e4nteln fast nicht. Sie laufen von der einen Seite des Sees zur anderen Seite und wieder zur\u00fcck. Trotz ihrer dicken Pelze kommen sie nicht ins Schwitzen. Doch m\u00fcde und hungrig werden sie schon. \u201eGehen wir nach Hause, \u201c schl\u00e4gt Minou vor. \u201eJa, gehen wir nach Hause!\u201c ist Fredo einverstanden. So trotten sie \u00fcbers schneebedeckte Feld  zur\u00fcck ins  Haus. Dort wartet schon etwas zum! Essen auf sie und sch\u00f6n warm ist es auch. Doch Minou und Fredo ziehen ihre wei\u00dfen Pelzm\u00e4ntel nicht aus. Wei\u00dft du warum?<\/p>\n","protected":false},"excerpt":{"rendered":"<p>Fredo hat einen wei\u00dfen Pelzmantel an und Minou auch. Wenn sie mit ihren Pelzm\u00e4nteln im Schnee spazieren, dann sieht man die beiden fast nicht. Sie laufen aus dem Haus \u00fcber das schneebedeckte Feld hinunter zum See. Der See ist von einer dicken Eisschicht verschlossen. Da k\u00f6nnen die Fische nicht raus und alle anderen Wesen nicht [&hellip;]<\/p>\n","protected":false},"author":1,"featured_media":0,"comment_status":"open","ping_status":"open","sticky":false,"template":"","format":"standard","meta":{"footnotes":""},"categories":[4],"tags":[],"class_list":["post-1443","post","type-post","status-publish","format-standard","hentry","category-aktuelles"],"_links":{"self":[{"href":"https:\/\/gretaschneider.at\/index.php\/wp-json\/wp\/v2\/posts\/1443","targetHints":{"allow":["GET"]}}],"collection":[{"href":"https:\/\/gretaschneider.at\/index.php\/wp-json\/wp\/v2\/posts"}],"about":[{"href":"https:\/\/gretaschneider.at\/index.php\/wp-json\/wp\/v2\/types\/post"}],"author":[{"embeddable":true,"href":"https:\/\/gretaschneider.at\/index.php\/wp-json\/wp\/v2\/users\/1"}],"replies":[{"embeddable":true,"href":"https:\/\/gretaschneider.at\/index.php\/wp-json\/wp\/v2\/comments?post=1443"}],"version-history":[{"count":1,"href":"https:\/\/gretaschneider.at\/index.php\/wp-json\/wp\/v2\/posts\/1443\/revisions"}],"predecessor-version":[{"id":1502,"href":"https:\/\/gretaschneider.at\/index.php\/wp-json\/wp\/v2\/posts\/1443\/revisions\/1502"}],"wp:attachment":[{"href":"https:\/\/gretaschneider.at\/index.php\/wp-json\/wp\/v2\/media?parent=1443"}],"wp:term":[{"taxonomy":"category","embeddable":true,"href":"https:\/\/gretaschneider.at\/index.php\/wp-json\/wp\/v2\/categories?post=1443"},{"taxonomy":"post_tag","embeddable":true,"href":"https:\/\/gretaschneider.at\/index.php\/wp-json\/wp\/v2\/tags?post=1443"}],"curies":[{"name":"wp","href":"https:\/\/api.w.org\/{rel}","templated":true}]}}