{"id":1439,"date":"2011-01-19T00:00:00","date_gmt":"2011-01-19T00:00:00","guid":{"rendered":"https:\/\/gretaschneider.at\/index.php\/2011\/01\/19\/marion-hat-einen-blauen-mantel-und-den-traegt-sie-immer-im-winter-im-fruehling-im-sommer-im-herbst-sie-traegt-ihn-wenn-es-regnet-und-wenn-die-sonne-scheint-sie-traegt-ihn-bei-hitze-und-bei-kael\/"},"modified":"2024-08-12T11:33:39","modified_gmt":"2024-08-12T11:33:39","slug":"marion-hat-einen-blauen-mantel-und-den-traegt-sie-immer-im-winter-im-fruehling-im-sommer-im-herbst-sie-traegt-ihn-wenn-es-regnet-und-wenn-die-sonne-scheint-sie-traegt-ihn-bei-hitze-und-bei-kael","status":"publish","type":"post","link":"https:\/\/gretaschneider.at\/index.php\/2011\/01\/19\/marion-hat-einen-blauen-mantel-und-den-traegt-sie-immer-im-winter-im-fruehling-im-sommer-im-herbst-sie-traegt-ihn-wenn-es-regnet-und-wenn-die-sonne-scheint-sie-traegt-ihn-bei-hitze-und-bei-kael\/","title":{"rendered":"Mario hat einen blauen Mantel"},"content":{"rendered":"<p>Marion hat einen blauen Mantel und den tr\u00e4gt sie immer. Im Winter.  Im Fr\u00fchling. Im Sommer. Im Herbst. Sie tr\u00e4gt ihn wenn es regnet und wenn die Sonne scheint. Sie tr\u00e4gt ihn bei Hitze und bei K\u00e4lte. Wenn es hei\u00df ist, dann k\u00fchlt sie der Mantel. Wenn es kalt ist, w\u00e4rmt er sie. Marions blauer Mantel ist ein Schutzmantel. Von denen gibt es nur ganz wenige auf der Welt und die, die ihn besitzen, die k\u00f6nnen ganz sch\u00f6n froh dar\u00fcber sein! Marion hat den Schutzmantel von ihrer Uroma geerbt und die hat ihn wiederum von ihrer Uroma geerbt. Der Schutzmantel ist also ururalt. Aber er wirkt noch immer. Wenn Marion ihren Schutzmantel tr\u00e4gt, dann kann ihr nicht geschehen. Kein Ungl\u00fcck kann an sie heran und keine Krankheit. Marion ist nett. Wenn sie sieht, dass jemand Angst hat oder krank ist, dann darf er unter ihren Schutzmantel kriechen und gleich wird alles wieder gut. Ja, es ist nicht schlecht, Marion zu kennen und hie und da unter ihrem Schutzmantel in Sicherheit zu sein. Es w\u00e4re praktisch, wenn jeder Mensch einen Schutzmantel h\u00e4tte. Ja, das w\u00e4re praktisch. Vielleicht kannst du, wenn du gro\u00df bist,  Schutzmantelschneiderin werden? Das w\u00e4re toll! Ich h\u00e4tte n\u00e4mlich auch gerne einen Schutzmantel.<\/p>\n","protected":false},"excerpt":{"rendered":"<p>Marion hat einen blauen Mantel und den tr\u00e4gt sie immer. Im Winter. Im Fr\u00fchling. Im Sommer. Im Herbst. Sie tr\u00e4gt ihn wenn es regnet und wenn die Sonne scheint. Sie tr\u00e4gt ihn bei Hitze und bei K\u00e4lte. Wenn es hei\u00df ist, dann k\u00fchlt sie der Mantel. Wenn es kalt ist, w\u00e4rmt er sie. Marions blauer [&hellip;]<\/p>\n","protected":false},"author":1,"featured_media":0,"comment_status":"open","ping_status":"open","sticky":false,"template":"","format":"standard","meta":{"footnotes":""},"categories":[4],"tags":[],"class_list":["post-1439","post","type-post","status-publish","format-standard","hentry","category-aktuelles"],"_links":{"self":[{"href":"https:\/\/gretaschneider.at\/index.php\/wp-json\/wp\/v2\/posts\/1439","targetHints":{"allow":["GET"]}}],"collection":[{"href":"https:\/\/gretaschneider.at\/index.php\/wp-json\/wp\/v2\/posts"}],"about":[{"href":"https:\/\/gretaschneider.at\/index.php\/wp-json\/wp\/v2\/types\/post"}],"author":[{"embeddable":true,"href":"https:\/\/gretaschneider.at\/index.php\/wp-json\/wp\/v2\/users\/1"}],"replies":[{"embeddable":true,"href":"https:\/\/gretaschneider.at\/index.php\/wp-json\/wp\/v2\/comments?post=1439"}],"version-history":[{"count":1,"href":"https:\/\/gretaschneider.at\/index.php\/wp-json\/wp\/v2\/posts\/1439\/revisions"}],"predecessor-version":[{"id":1499,"href":"https:\/\/gretaschneider.at\/index.php\/wp-json\/wp\/v2\/posts\/1439\/revisions\/1499"}],"wp:attachment":[{"href":"https:\/\/gretaschneider.at\/index.php\/wp-json\/wp\/v2\/media?parent=1439"}],"wp:term":[{"taxonomy":"category","embeddable":true,"href":"https:\/\/gretaschneider.at\/index.php\/wp-json\/wp\/v2\/categories?post=1439"},{"taxonomy":"post_tag","embeddable":true,"href":"https:\/\/gretaschneider.at\/index.php\/wp-json\/wp\/v2\/tags?post=1439"}],"curies":[{"name":"wp","href":"https:\/\/api.w.org\/{rel}","templated":true}]}}