{"id":1412,"date":"2011-03-20T00:00:00","date_gmt":"2011-03-20T00:00:00","guid":{"rendered":"https:\/\/gretaschneider.at\/index.php\/2011\/03\/20\/die-rachendrachen-speien-feuer-mami-mir-tut-der-hals-so-weh-jammert-lisa-armer-schatz-lass-mich-schauen-zunge-raus-lisa-streckt-ihrer-mama-die-zunge-entge\/"},"modified":"2024-08-12T11:29:39","modified_gmt":"2024-08-12T11:29:39","slug":"die-rachendrachen-speien-feuer-mami-mir-tut-der-hals-so-weh-jammert-lisa-armer-schatz-lass-mich-schauen-zunge-raus-lisa-streckt-ihrer-mama-die-zunge-entge","status":"publish","type":"post","link":"https:\/\/gretaschneider.at\/index.php\/2011\/03\/20\/die-rachendrachen-speien-feuer-mami-mir-tut-der-hals-so-weh-jammert-lisa-armer-schatz-lass-mich-schauen-zunge-raus-lisa-streckt-ihrer-mama-die-zunge-entge\/","title":{"rendered":"Die Rachendrachen spucken feuer"},"content":{"rendered":"<p>Die Rachendrachen speien Feuer. \u201eMami, mir  tut der Hals so weh!\u201c jammert  Lisa.  \u201eArmer Schatz! Lass mich schauen. Zunge raus.\u201c Lisa streckt ihrer Mama die Zunge entgegen und rei\u00dft den Mund   weit  auf.  Lisas Mama leuchtet mit einer Taschenlampe in Lisas Hals. Die Rachendrachen erschrecken! \u201eWas ist denn hier los? Wieso ist es hier auf einmal so hell?\u201c grunzt der Rachendrachenpapa. \u201eUnd es kommt  kalt rein!\u201c ruft die Rachendrachenmama. Die Rachendrachenkinder schauen neugierig zu dem gro\u00dfen hellen Loch. \u201eKann man da drau\u00dfen auch leben?\u201c fragt Rik Rachendrach. \u201eWei\u00df nicht, war noch nie drau\u00dfen, \u201c grunzt der Rachendrachenpapa und dann speien wieder alle eine Runde Feuer. \u201eDein Hals ist ja ganz rot!\u201c sagt Lisas Mama. \u201eUnd \u00fcberall sind kleine Wei\u00dfe Punkte!\u201c Lisa und ihre Mama gehen zum Arzt. \u201eDas ist eine eitrige Angina!\u201c meint der  Arzt und verschreibt Lisa ein Medikament. Lisa trinkt den Saft jeden Tag in der Fr\u00fch und am Abend. Wenn die rosa Fl\u00fcssigkeit bei den Rachendrachs vorbei rinnt, kosten alle davon. \u201eHhmm, schmatz, schmeckt das gut!\u201c ruft Rotraud Rachendrach begeistert. Die Rachendrachen trinken jedes Mal, wenn Lisa ihre Medizin nimmt, ein Schl\u00fcckchen davon.  Sie werden schrecklich m\u00fcde und  schlie\u00dflich sind sie viel zu schwach zum Feuerspeien. Darum merken sie auch gar nicht, dass Lisas Mama wieder mit der Taschenlampe in den Hals leuchtet und sagt: \u201e Mein Schatz, dein Hals ist wieder ganz in Ordnung!\u201c Die Rachendrachen schlafen n\u00e4mlich tief und fest. Und wenn sie niemand geweckt hat, dann schlafen sie heute noch.<\/p>\n","protected":false},"excerpt":{"rendered":"<p>Die Rachendrachen speien Feuer. \u201eMami, mir tut der Hals so weh!\u201c jammert Lisa. \u201eArmer Schatz! Lass mich schauen. Zunge raus.\u201c Lisa streckt ihrer Mama die Zunge entgegen und rei\u00dft den Mund weit auf. Lisas Mama leuchtet mit einer Taschenlampe in Lisas Hals. Die Rachendrachen erschrecken! \u201eWas ist denn hier los? Wieso ist es hier auf [&hellip;]<\/p>\n","protected":false},"author":1,"featured_media":0,"comment_status":"open","ping_status":"open","sticky":false,"template":"","format":"standard","meta":{"footnotes":""},"categories":[4],"tags":[],"class_list":["post-1412","post","type-post","status-publish","format-standard","hentry","category-aktuelles"],"_links":{"self":[{"href":"https:\/\/gretaschneider.at\/index.php\/wp-json\/wp\/v2\/posts\/1412","targetHints":{"allow":["GET"]}}],"collection":[{"href":"https:\/\/gretaschneider.at\/index.php\/wp-json\/wp\/v2\/posts"}],"about":[{"href":"https:\/\/gretaschneider.at\/index.php\/wp-json\/wp\/v2\/types\/post"}],"author":[{"embeddable":true,"href":"https:\/\/gretaschneider.at\/index.php\/wp-json\/wp\/v2\/users\/1"}],"replies":[{"embeddable":true,"href":"https:\/\/gretaschneider.at\/index.php\/wp-json\/wp\/v2\/comments?post=1412"}],"version-history":[{"count":1,"href":"https:\/\/gretaschneider.at\/index.php\/wp-json\/wp\/v2\/posts\/1412\/revisions"}],"predecessor-version":[{"id":1489,"href":"https:\/\/gretaschneider.at\/index.php\/wp-json\/wp\/v2\/posts\/1412\/revisions\/1489"}],"wp:attachment":[{"href":"https:\/\/gretaschneider.at\/index.php\/wp-json\/wp\/v2\/media?parent=1412"}],"wp:term":[{"taxonomy":"category","embeddable":true,"href":"https:\/\/gretaschneider.at\/index.php\/wp-json\/wp\/v2\/categories?post=1412"},{"taxonomy":"post_tag","embeddable":true,"href":"https:\/\/gretaschneider.at\/index.php\/wp-json\/wp\/v2\/tags?post=1412"}],"curies":[{"name":"wp","href":"https:\/\/api.w.org\/{rel}","templated":true}]}}