{"id":1398,"date":"2011-04-19T00:00:00","date_gmt":"2011-04-19T00:00:00","guid":{"rendered":"https:\/\/gretaschneider.at\/index.php\/2011\/04\/19\/weiss-ist-nicht-grau-eine-taube-kein-pfau\/"},"modified":"2011-04-19T00:00:00","modified_gmt":"2011-04-19T00:00:00","slug":"weiss-ist-nicht-grau-eine-taube-kein-pfau","status":"publish","type":"post","link":"https:\/\/gretaschneider.at\/index.php\/2011\/04\/19\/weiss-ist-nicht-grau-eine-taube-kein-pfau\/","title":{"rendered":"Wei\u00df ist nicht grau, eine Taube kein Pfau."},"content":{"rendered":"<p>Wei\u00df ist nicht grau, eine Taube kein Pfau.<br \/>\nGelb ist nicht rot, wer lebt ist nicht tot.<br \/>\nBlau ist nicht lila, ein Stall keine Villa.<br \/>\nSchwarz ist nicht gr\u00fcn, feig ist nicht k\u00fchn.<br \/>\nRosa ist nicht braun und N\u00e4gel  keine Klauen.<br \/>\nJedes ist anders: Blautanne, Wei\u00dffichte\u2026.<br \/>\nist das, was ich schrieb, eine Farbengeschichte?<\/p>\n","protected":false},"excerpt":{"rendered":"<p>Wei\u00df ist nicht grau, eine Taube kein Pfau. Gelb ist nicht rot, wer lebt ist nicht tot. Blau ist nicht lila, ein Stall keine Villa. Schwarz ist nicht gr\u00fcn, feig ist nicht k\u00fchn. Rosa ist nicht braun und N\u00e4gel keine Klauen. Jedes ist anders: Blautanne, Wei\u00dffichte\u2026. ist das, was ich schrieb, eine Farbengeschichte?<\/p>\n","protected":false},"author":1,"featured_media":0,"comment_status":"open","ping_status":"open","sticky":false,"template":"","format":"standard","meta":{"footnotes":""},"categories":[4],"tags":[],"class_list":["post-1398","post","type-post","status-publish","format-standard","hentry","category-aktuelles"],"_links":{"self":[{"href":"https:\/\/gretaschneider.at\/index.php\/wp-json\/wp\/v2\/posts\/1398","targetHints":{"allow":["GET"]}}],"collection":[{"href":"https:\/\/gretaschneider.at\/index.php\/wp-json\/wp\/v2\/posts"}],"about":[{"href":"https:\/\/gretaschneider.at\/index.php\/wp-json\/wp\/v2\/types\/post"}],"author":[{"embeddable":true,"href":"https:\/\/gretaschneider.at\/index.php\/wp-json\/wp\/v2\/users\/1"}],"replies":[{"embeddable":true,"href":"https:\/\/gretaschneider.at\/index.php\/wp-json\/wp\/v2\/comments?post=1398"}],"version-history":[{"count":0,"href":"https:\/\/gretaschneider.at\/index.php\/wp-json\/wp\/v2\/posts\/1398\/revisions"}],"wp:attachment":[{"href":"https:\/\/gretaschneider.at\/index.php\/wp-json\/wp\/v2\/media?parent=1398"}],"wp:term":[{"taxonomy":"category","embeddable":true,"href":"https:\/\/gretaschneider.at\/index.php\/wp-json\/wp\/v2\/categories?post=1398"},{"taxonomy":"post_tag","embeddable":true,"href":"https:\/\/gretaschneider.at\/index.php\/wp-json\/wp\/v2\/tags?post=1398"}],"curies":[{"name":"wp","href":"https:\/\/api.w.org\/{rel}","templated":true}]}}