{"id":1391,"date":"2011-05-03T00:00:00","date_gmt":"2011-05-03T00:00:00","guid":{"rendered":"https:\/\/gretaschneider.at\/index.php\/2011\/05\/03\/verhext-verhext-wo-ist-mein-besen\/"},"modified":"2011-05-03T00:00:00","modified_gmt":"2011-05-03T00:00:00","slug":"verhext-verhext-wo-ist-mein-besen","status":"publish","type":"post","link":"https:\/\/gretaschneider.at\/index.php\/2011\/05\/03\/verhext-verhext-wo-ist-mein-besen\/","title":{"rendered":"Verhext,  verhext!  Wo ist mein Besen?"},"content":{"rendered":"<p>Verhext,  verhext!  Wo ist mein Besen?<br \/>\nEr ist doch eben hier gewesen!<br \/>\nVerhext, verhext! Was soll ich machen?<br \/>\nDas war bestimmt mein kleiner Drachen!<br \/>\nDer setzt sich auf den Besenstiel<br \/>\nund programmiert sein Landungsziel.<br \/>\nVerhext, verhext! Der kleine Drachen<br \/>\ndarf solche Sachen doch nicht machen!<br \/>\nAm Besen fliegen darf nur ich!<br \/>\nIch der Zwoni Zauberich!<br \/>\nBesen, Besen komm zur\u00fcck!<br \/>\nSonst passiert ein Ungel\u00fcck!<br \/>\nUngel\u00fccke mag ich nicht,<br \/>\ndrum bring zur\u00fcck den Drachenwicht!<br \/>\nHa, ich seh den Besen schon!<br \/>\nAuf ihm sitzt der Drachensohn.<br \/>\nJetzt landet er vor meinen F\u00fc\u00dfen<br \/>\nund l\u00e4sst mich von der Oma gr\u00fc\u00dfen.<br \/>\nVerhext, verhext, da ist der Besen!<br \/>\nIst er denn wirklich weg gewesen?<\/p>\n","protected":false},"excerpt":{"rendered":"<p>Verhext, verhext! Wo ist mein Besen? Er ist doch eben hier gewesen! Verhext, verhext! Was soll ich machen? Das war bestimmt mein kleiner Drachen! Der setzt sich auf den Besenstiel und programmiert sein Landungsziel. Verhext, verhext! Der kleine Drachen darf solche Sachen doch nicht machen! Am Besen fliegen darf nur ich! Ich der Zwoni Zauberich! [&hellip;]<\/p>\n","protected":false},"author":1,"featured_media":0,"comment_status":"open","ping_status":"open","sticky":false,"template":"","format":"standard","meta":{"footnotes":""},"categories":[4],"tags":[],"class_list":["post-1391","post","type-post","status-publish","format-standard","hentry","category-aktuelles"],"_links":{"self":[{"href":"https:\/\/gretaschneider.at\/index.php\/wp-json\/wp\/v2\/posts\/1391","targetHints":{"allow":["GET"]}}],"collection":[{"href":"https:\/\/gretaschneider.at\/index.php\/wp-json\/wp\/v2\/posts"}],"about":[{"href":"https:\/\/gretaschneider.at\/index.php\/wp-json\/wp\/v2\/types\/post"}],"author":[{"embeddable":true,"href":"https:\/\/gretaschneider.at\/index.php\/wp-json\/wp\/v2\/users\/1"}],"replies":[{"embeddable":true,"href":"https:\/\/gretaschneider.at\/index.php\/wp-json\/wp\/v2\/comments?post=1391"}],"version-history":[{"count":0,"href":"https:\/\/gretaschneider.at\/index.php\/wp-json\/wp\/v2\/posts\/1391\/revisions"}],"wp:attachment":[{"href":"https:\/\/gretaschneider.at\/index.php\/wp-json\/wp\/v2\/media?parent=1391"}],"wp:term":[{"taxonomy":"category","embeddable":true,"href":"https:\/\/gretaschneider.at\/index.php\/wp-json\/wp\/v2\/categories?post=1391"},{"taxonomy":"post_tag","embeddable":true,"href":"https:\/\/gretaschneider.at\/index.php\/wp-json\/wp\/v2\/tags?post=1391"}],"curies":[{"name":"wp","href":"https:\/\/api.w.org\/{rel}","templated":true}]}}