{"id":1368,"date":"2011-06-26T00:00:00","date_gmt":"2011-06-26T00:00:00","guid":{"rendered":"https:\/\/gretaschneider.at\/index.php\/2011\/06\/26\/wuerstel-dick-und-wuerstel-duenn\/"},"modified":"2011-06-26T00:00:00","modified_gmt":"2011-06-26T00:00:00","slug":"wuerstel-dick-und-wuerstel-duenn","status":"publish","type":"post","link":"https:\/\/gretaschneider.at\/index.php\/2011\/06\/26\/wuerstel-dick-und-wuerstel-duenn\/","title":{"rendered":"W\u00fcrstel dick und W\u00fcrstel d\u00fcnn,"},"content":{"rendered":"<p>W\u00fcrstel dick und W\u00fcrstel d\u00fcnn,<br \/>\nmanchmal auch mit K\u00e4se drin.<br \/>\nW\u00fcrstel kurz und W\u00fcrstel lang.<br \/>\nWelches Ende ist der  Anfang?<br \/>\nW\u00fcrstel scharf und W\u00fcrstel mild<br \/>\nW\u00fcrstel lacht vom W\u00fcrstelbild.<br \/>\nW\u00fcrstel W\u00fcrstel isst man gern,<br \/>\ndenn W\u00fcrstel haben keinen Kern.<\/p>\n","protected":false},"excerpt":{"rendered":"<p>W\u00fcrstel dick und W\u00fcrstel d\u00fcnn, manchmal auch mit K\u00e4se drin. W\u00fcrstel kurz und W\u00fcrstel lang. Welches Ende ist der Anfang? W\u00fcrstel scharf und W\u00fcrstel mild W\u00fcrstel lacht vom W\u00fcrstelbild. W\u00fcrstel W\u00fcrstel isst man gern, denn W\u00fcrstel haben keinen Kern.<\/p>\n","protected":false},"author":1,"featured_media":0,"comment_status":"open","ping_status":"open","sticky":false,"template":"","format":"standard","meta":{"footnotes":""},"categories":[4],"tags":[],"class_list":["post-1368","post","type-post","status-publish","format-standard","hentry","category-aktuelles"],"_links":{"self":[{"href":"https:\/\/gretaschneider.at\/index.php\/wp-json\/wp\/v2\/posts\/1368","targetHints":{"allow":["GET"]}}],"collection":[{"href":"https:\/\/gretaschneider.at\/index.php\/wp-json\/wp\/v2\/posts"}],"about":[{"href":"https:\/\/gretaschneider.at\/index.php\/wp-json\/wp\/v2\/types\/post"}],"author":[{"embeddable":true,"href":"https:\/\/gretaschneider.at\/index.php\/wp-json\/wp\/v2\/users\/1"}],"replies":[{"embeddable":true,"href":"https:\/\/gretaschneider.at\/index.php\/wp-json\/wp\/v2\/comments?post=1368"}],"version-history":[{"count":0,"href":"https:\/\/gretaschneider.at\/index.php\/wp-json\/wp\/v2\/posts\/1368\/revisions"}],"wp:attachment":[{"href":"https:\/\/gretaschneider.at\/index.php\/wp-json\/wp\/v2\/media?parent=1368"}],"wp:term":[{"taxonomy":"category","embeddable":true,"href":"https:\/\/gretaschneider.at\/index.php\/wp-json\/wp\/v2\/categories?post=1368"},{"taxonomy":"post_tag","embeddable":true,"href":"https:\/\/gretaschneider.at\/index.php\/wp-json\/wp\/v2\/tags?post=1368"}],"curies":[{"name":"wp","href":"https:\/\/api.w.org\/{rel}","templated":true}]}}