{"id":1354,"date":"2011-07-26T00:00:00","date_gmt":"2011-07-26T00:00:00","guid":{"rendered":"https:\/\/gretaschneider.at\/index.php\/2011\/07\/26\/mimsikatz-traegt-weisse-soeckchen\/"},"modified":"2011-07-26T00:00:00","modified_gmt":"2011-07-26T00:00:00","slug":"mimsikatz-traegt-weisse-soeckchen","status":"publish","type":"post","link":"https:\/\/gretaschneider.at\/index.php\/2011\/07\/26\/mimsikatz-traegt-weisse-soeckchen\/","title":{"rendered":"Mimsikatz tr\u00e4gt wei\u00dfe S\u00f6ckchen."},"content":{"rendered":"<p>Mimsikatz tr\u00e4gt wei\u00dfe S\u00f6ckchen.<br \/>\nUm ihren Hals baumelt ein Gl\u00f6ckchen.<br \/>\nKlingeling ihr V\u00f6gelein<br \/>\ndarf nicht eure Feindin sein.<br \/>\nSoll euch zum Twitttwitt begleiten<br \/>\nmit meinem Klingelingel\u00e4uten.<br \/>\nSchleich ich auch auf wei\u00dfen Tatzen<br \/>\nwerd\u2018  ich doch nie ein V\u00f6glein schmatzen.<br \/>\n Miaumiau  kling klingeling<br \/>\nIch fast schon wie  ein V\u00f6glein  sing!<br \/>\nDie V\u00f6gelschar oben am Ast<br \/>\nzwitschert fr\u00f6hlich: fastfastfast!<\/p>\n","protected":false},"excerpt":{"rendered":"<p>Mimsikatz tr\u00e4gt wei\u00dfe S\u00f6ckchen. Um ihren Hals baumelt ein Gl\u00f6ckchen. Klingeling ihr V\u00f6gelein darf nicht eure Feindin sein. Soll euch zum Twitttwitt begleiten mit meinem Klingelingel\u00e4uten. Schleich ich auch auf wei\u00dfen Tatzen werd\u2018 ich doch nie ein V\u00f6glein schmatzen. Miaumiau kling klingeling Ich fast schon wie ein V\u00f6glein sing! Die V\u00f6gelschar oben am Ast zwitschert [&hellip;]<\/p>\n","protected":false},"author":1,"featured_media":0,"comment_status":"open","ping_status":"open","sticky":false,"template":"","format":"standard","meta":{"footnotes":""},"categories":[4],"tags":[],"class_list":["post-1354","post","type-post","status-publish","format-standard","hentry","category-aktuelles"],"_links":{"self":[{"href":"https:\/\/gretaschneider.at\/index.php\/wp-json\/wp\/v2\/posts\/1354","targetHints":{"allow":["GET"]}}],"collection":[{"href":"https:\/\/gretaschneider.at\/index.php\/wp-json\/wp\/v2\/posts"}],"about":[{"href":"https:\/\/gretaschneider.at\/index.php\/wp-json\/wp\/v2\/types\/post"}],"author":[{"embeddable":true,"href":"https:\/\/gretaschneider.at\/index.php\/wp-json\/wp\/v2\/users\/1"}],"replies":[{"embeddable":true,"href":"https:\/\/gretaschneider.at\/index.php\/wp-json\/wp\/v2\/comments?post=1354"}],"version-history":[{"count":0,"href":"https:\/\/gretaschneider.at\/index.php\/wp-json\/wp\/v2\/posts\/1354\/revisions"}],"wp:attachment":[{"href":"https:\/\/gretaschneider.at\/index.php\/wp-json\/wp\/v2\/media?parent=1354"}],"wp:term":[{"taxonomy":"category","embeddable":true,"href":"https:\/\/gretaschneider.at\/index.php\/wp-json\/wp\/v2\/categories?post=1354"},{"taxonomy":"post_tag","embeddable":true,"href":"https:\/\/gretaschneider.at\/index.php\/wp-json\/wp\/v2\/tags?post=1354"}],"curies":[{"name":"wp","href":"https:\/\/api.w.org\/{rel}","templated":true}]}}