{"id":1335,"date":"2011-09-06T00:00:00","date_gmt":"2011-09-06T00:00:00","guid":{"rendered":"https:\/\/gretaschneider.at\/index.php\/2011\/09\/06\/setz-den-strohhut-auf\/"},"modified":"2011-09-06T00:00:00","modified_gmt":"2011-09-06T00:00:00","slug":"setz-den-strohhut-auf","status":"publish","type":"post","link":"https:\/\/gretaschneider.at\/index.php\/2011\/09\/06\/setz-den-strohhut-auf\/","title":{"rendered":"setz  den strohhut auf."},"content":{"rendered":"<p>setz  den strohhut auf.<br \/>\nden strohhut  mit dem gr\u00fcnen band.<br \/>\ns\u00fcdliche sonne<br \/>\nwill dich versengen,<br \/>\nwill dir die haut vom sch\u00e4del brennen.<br \/>\ndie sonne. die sonne. die sonne  am himmel<br \/>\nin ihrer feuerpracht.<br \/>\ns\u00fcdliche sonne<br \/>\nim herbst und du mit deinem strohhut<br \/>\nam strand. die tage werden jetzt k\u00fcrzer.<br \/>\ns\u00fcdliche sonne<br \/>\nlichtgest\u00e4rkt gehst du den<br \/>\nlangen n\u00e4chten entgegen<br \/>\nden strohhut mit dem gr\u00fcnen band<br \/>\nam kopf.<\/p>\n","protected":false},"excerpt":{"rendered":"<p>setz den strohhut auf. den strohhut mit dem gr\u00fcnen band. s\u00fcdliche sonne will dich versengen, will dir die haut vom sch\u00e4del brennen. die sonne. die sonne. die sonne am himmel in ihrer feuerpracht. s\u00fcdliche sonne im herbst und du mit deinem strohhut am strand. die tage werden jetzt k\u00fcrzer. s\u00fcdliche sonne lichtgest\u00e4rkt gehst du den [&hellip;]<\/p>\n","protected":false},"author":1,"featured_media":0,"comment_status":"open","ping_status":"open","sticky":false,"template":"","format":"standard","meta":{"footnotes":""},"categories":[4],"tags":[],"class_list":["post-1335","post","type-post","status-publish","format-standard","hentry","category-aktuelles"],"_links":{"self":[{"href":"https:\/\/gretaschneider.at\/index.php\/wp-json\/wp\/v2\/posts\/1335","targetHints":{"allow":["GET"]}}],"collection":[{"href":"https:\/\/gretaschneider.at\/index.php\/wp-json\/wp\/v2\/posts"}],"about":[{"href":"https:\/\/gretaschneider.at\/index.php\/wp-json\/wp\/v2\/types\/post"}],"author":[{"embeddable":true,"href":"https:\/\/gretaschneider.at\/index.php\/wp-json\/wp\/v2\/users\/1"}],"replies":[{"embeddable":true,"href":"https:\/\/gretaschneider.at\/index.php\/wp-json\/wp\/v2\/comments?post=1335"}],"version-history":[{"count":0,"href":"https:\/\/gretaschneider.at\/index.php\/wp-json\/wp\/v2\/posts\/1335\/revisions"}],"wp:attachment":[{"href":"https:\/\/gretaschneider.at\/index.php\/wp-json\/wp\/v2\/media?parent=1335"}],"wp:term":[{"taxonomy":"category","embeddable":true,"href":"https:\/\/gretaschneider.at\/index.php\/wp-json\/wp\/v2\/categories?post=1335"},{"taxonomy":"post_tag","embeddable":true,"href":"https:\/\/gretaschneider.at\/index.php\/wp-json\/wp\/v2\/tags?post=1335"}],"curies":[{"name":"wp","href":"https:\/\/api.w.org\/{rel}","templated":true}]}}