{"id":1332,"date":"2011-09-12T00:00:00","date_gmt":"2011-09-12T00:00:00","guid":{"rendered":"https:\/\/gretaschneider.at\/index.php\/2011\/09\/12\/er-schuettelt-die-koepfe-der-rosen\/"},"modified":"2011-09-12T00:00:00","modified_gmt":"2011-09-12T00:00:00","slug":"er-schuettelt-die-koepfe-der-rosen","status":"publish","type":"post","link":"https:\/\/gretaschneider.at\/index.php\/2011\/09\/12\/er-schuettelt-die-koepfe-der-rosen\/","title":{"rendered":"er sch\u00fcttelt die k\u00f6pfe der rosen"},"content":{"rendered":"<p>er sch\u00fcttelt die k\u00f6pfe der rosen<br \/>\ner l\u00e4sst ihre bl\u00e4tter fallen<br \/>\ndie liegen<br \/>\nwei\u00df rosa rot auf der<br \/>\nnoch gr\u00fcnen wiese<br \/>\ndie schweben durch die luft.<br \/>\ner bl\u00e4st vertrocknetes laub ins<br \/>\nnoch offene cabrio<br \/>\ner w\u00fchlt das wasser des sees auf<br \/>\ner wellt das wasser des sees<br \/>\ner kr\u00e4uselt das wasser des sees<br \/>\nschm\u00fcckt es mit wei\u00dfen kr\u00f6nchen<br \/>\ner l\u00e4sst  das wasser des sees<br \/>\nschwappen und platschen<br \/>\ner bringt bewegung in die welt<br \/>\ner l\u00e4sst baumwipfel sich verneigen<br \/>\ner l\u00e4sst w\u00e4lder rauschen<br \/>\ner ist ein kind<br \/>\nder luft<br \/>\ner hebt die d\u00e4cher von h\u00e4usern<br \/>\ner entwurzelt baumst\u00e4mme<br \/>\ner bl\u00e4st v\u00f6gel aus dem nest<br \/>\ner l\u00e4sst das meer aufsteigen und an land brausen<br \/>\ner ist ein kind<br \/>\nder luft.<\/p>\n","protected":false},"excerpt":{"rendered":"<p>er sch\u00fcttelt die k\u00f6pfe der rosen er l\u00e4sst ihre bl\u00e4tter fallen die liegen wei\u00df rosa rot auf der noch gr\u00fcnen wiese die schweben durch die luft. er bl\u00e4st vertrocknetes laub ins noch offene cabrio er w\u00fchlt das wasser des sees auf er wellt das wasser des sees er kr\u00e4uselt das wasser des sees schm\u00fcckt es [&hellip;]<\/p>\n","protected":false},"author":1,"featured_media":0,"comment_status":"open","ping_status":"open","sticky":false,"template":"","format":"standard","meta":{"footnotes":""},"categories":[4],"tags":[],"class_list":["post-1332","post","type-post","status-publish","format-standard","hentry","category-aktuelles"],"_links":{"self":[{"href":"https:\/\/gretaschneider.at\/index.php\/wp-json\/wp\/v2\/posts\/1332","targetHints":{"allow":["GET"]}}],"collection":[{"href":"https:\/\/gretaschneider.at\/index.php\/wp-json\/wp\/v2\/posts"}],"about":[{"href":"https:\/\/gretaschneider.at\/index.php\/wp-json\/wp\/v2\/types\/post"}],"author":[{"embeddable":true,"href":"https:\/\/gretaschneider.at\/index.php\/wp-json\/wp\/v2\/users\/1"}],"replies":[{"embeddable":true,"href":"https:\/\/gretaschneider.at\/index.php\/wp-json\/wp\/v2\/comments?post=1332"}],"version-history":[{"count":0,"href":"https:\/\/gretaschneider.at\/index.php\/wp-json\/wp\/v2\/posts\/1332\/revisions"}],"wp:attachment":[{"href":"https:\/\/gretaschneider.at\/index.php\/wp-json\/wp\/v2\/media?parent=1332"}],"wp:term":[{"taxonomy":"category","embeddable":true,"href":"https:\/\/gretaschneider.at\/index.php\/wp-json\/wp\/v2\/categories?post=1332"},{"taxonomy":"post_tag","embeddable":true,"href":"https:\/\/gretaschneider.at\/index.php\/wp-json\/wp\/v2\/tags?post=1332"}],"curies":[{"name":"wp","href":"https:\/\/api.w.org\/{rel}","templated":true}]}}