{"id":1328,"date":"2011-09-20T00:00:00","date_gmt":"2011-09-20T00:00:00","guid":{"rendered":"https:\/\/gretaschneider.at\/index.php\/2011\/09\/20\/das-gruen-das-gruen-wiegt-sich-so\/"},"modified":"2011-09-20T00:00:00","modified_gmt":"2011-09-20T00:00:00","slug":"das-gruen-das-gruen-wiegt-sich-so","status":"publish","type":"post","link":"https:\/\/gretaschneider.at\/index.php\/2011\/09\/20\/das-gruen-das-gruen-wiegt-sich-so\/","title":{"rendered":"das gr\u00fcn das gr\u00fcn wiegt sich so"},"content":{"rendered":"<p>das gr\u00fcn das gr\u00fcn wiegt sich so<br \/>\nhoffnungsfroh im wind<br \/>\ndas gr\u00fcn das gr\u00fcn wird sich<br \/>\nschon bald verf\u00e4rben<br \/>\ndas gr\u00fcn das gr\u00fcn wird gelb<br \/>\ndas gr\u00fcn das gr\u00fcn wird rot<br \/>\ndas gr\u00fcn das gr\u00fcn wird braun<br \/>\ndie farben fallen ab<br \/>\nder baum steht kahl<br \/>\nsteht da wie tot<br \/>\nder sturm will seine<br \/>\nkrone brechen<br \/>\ndas gr\u00fcn das gr\u00fcn sprie\u00dft<br \/>\nhoffnungsfroh im wind<br \/>\ndas gr\u00fcn das gr\u00fcn<br \/>\naus licht und w\u00e4rme<\/p>\n","protected":false},"excerpt":{"rendered":"<p>das gr\u00fcn das gr\u00fcn wiegt sich so hoffnungsfroh im wind das gr\u00fcn das gr\u00fcn wird sich schon bald verf\u00e4rben das gr\u00fcn das gr\u00fcn wird gelb das gr\u00fcn das gr\u00fcn wird rot das gr\u00fcn das gr\u00fcn wird braun die farben fallen ab der baum steht kahl steht da wie tot der sturm will seine krone brechen [&hellip;]<\/p>\n","protected":false},"author":1,"featured_media":0,"comment_status":"open","ping_status":"open","sticky":false,"template":"","format":"standard","meta":{"footnotes":""},"categories":[4],"tags":[],"class_list":["post-1328","post","type-post","status-publish","format-standard","hentry","category-aktuelles"],"_links":{"self":[{"href":"https:\/\/gretaschneider.at\/index.php\/wp-json\/wp\/v2\/posts\/1328","targetHints":{"allow":["GET"]}}],"collection":[{"href":"https:\/\/gretaschneider.at\/index.php\/wp-json\/wp\/v2\/posts"}],"about":[{"href":"https:\/\/gretaschneider.at\/index.php\/wp-json\/wp\/v2\/types\/post"}],"author":[{"embeddable":true,"href":"https:\/\/gretaschneider.at\/index.php\/wp-json\/wp\/v2\/users\/1"}],"replies":[{"embeddable":true,"href":"https:\/\/gretaschneider.at\/index.php\/wp-json\/wp\/v2\/comments?post=1328"}],"version-history":[{"count":0,"href":"https:\/\/gretaschneider.at\/index.php\/wp-json\/wp\/v2\/posts\/1328\/revisions"}],"wp:attachment":[{"href":"https:\/\/gretaschneider.at\/index.php\/wp-json\/wp\/v2\/media?parent=1328"}],"wp:term":[{"taxonomy":"category","embeddable":true,"href":"https:\/\/gretaschneider.at\/index.php\/wp-json\/wp\/v2\/categories?post=1328"},{"taxonomy":"post_tag","embeddable":true,"href":"https:\/\/gretaschneider.at\/index.php\/wp-json\/wp\/v2\/tags?post=1328"}],"curies":[{"name":"wp","href":"https:\/\/api.w.org\/{rel}","templated":true}]}}