{"id":1319,"date":"2011-10-08T00:00:00","date_gmt":"2011-10-08T00:00:00","guid":{"rendered":"https:\/\/gretaschneider.at\/index.php\/2011\/10\/08\/musikgequimmel-aus-dem-radio\/"},"modified":"2011-10-08T00:00:00","modified_gmt":"2011-10-08T00:00:00","slug":"musikgequimmel-aus-dem-radio","status":"publish","type":"post","link":"https:\/\/gretaschneider.at\/index.php\/2011\/10\/08\/musikgequimmel-aus-dem-radio\/","title":{"rendered":"musikgequimmel  aus dem radio"},"content":{"rendered":"<p>musikgequimmel  aus dem radio<br \/>\nwolkenfedern am himmel<br \/>\nein vorhang bauscht sich im wind<br \/>\nwiesen und wald sind<br \/>\nan ort und stelle<br \/>\nh\u00e4user und stra\u00dfen sind<br \/>\nan ort und stelle<br \/>\nalles ist an seinem platz<br \/>\nzyklamen bl\u00fchen am fensterbrett<br \/>\ncowboys sitzen fest im sattel<br \/>\nund \u00fcber dem rio grande geht die sonne auf<\/p>\n","protected":false},"excerpt":{"rendered":"<p>musikgequimmel aus dem radio wolkenfedern am himmel ein vorhang bauscht sich im wind wiesen und wald sind an ort und stelle h\u00e4user und stra\u00dfen sind an ort und stelle alles ist an seinem platz zyklamen bl\u00fchen am fensterbrett cowboys sitzen fest im sattel und \u00fcber dem rio grande geht die sonne auf<\/p>\n","protected":false},"author":1,"featured_media":0,"comment_status":"open","ping_status":"open","sticky":false,"template":"","format":"standard","meta":{"footnotes":""},"categories":[4],"tags":[],"class_list":["post-1319","post","type-post","status-publish","format-standard","hentry","category-aktuelles"],"_links":{"self":[{"href":"https:\/\/gretaschneider.at\/index.php\/wp-json\/wp\/v2\/posts\/1319","targetHints":{"allow":["GET"]}}],"collection":[{"href":"https:\/\/gretaschneider.at\/index.php\/wp-json\/wp\/v2\/posts"}],"about":[{"href":"https:\/\/gretaschneider.at\/index.php\/wp-json\/wp\/v2\/types\/post"}],"author":[{"embeddable":true,"href":"https:\/\/gretaschneider.at\/index.php\/wp-json\/wp\/v2\/users\/1"}],"replies":[{"embeddable":true,"href":"https:\/\/gretaschneider.at\/index.php\/wp-json\/wp\/v2\/comments?post=1319"}],"version-history":[{"count":0,"href":"https:\/\/gretaschneider.at\/index.php\/wp-json\/wp\/v2\/posts\/1319\/revisions"}],"wp:attachment":[{"href":"https:\/\/gretaschneider.at\/index.php\/wp-json\/wp\/v2\/media?parent=1319"}],"wp:term":[{"taxonomy":"category","embeddable":true,"href":"https:\/\/gretaschneider.at\/index.php\/wp-json\/wp\/v2\/categories?post=1319"},{"taxonomy":"post_tag","embeddable":true,"href":"https:\/\/gretaschneider.at\/index.php\/wp-json\/wp\/v2\/tags?post=1319"}],"curies":[{"name":"wp","href":"https:\/\/api.w.org\/{rel}","templated":true}]}}