{"id":1310,"date":"2011-10-28T00:00:00","date_gmt":"2011-10-28T00:00:00","guid":{"rendered":"https:\/\/gretaschneider.at\/index.php\/2011\/10\/28\/ein-schwebend-rosa-luftballon-schaut-runter-auf-die-welt\/"},"modified":"2011-10-28T00:00:00","modified_gmt":"2011-10-28T00:00:00","slug":"ein-schwebend-rosa-luftballon-schaut-runter-auf-die-welt","status":"publish","type":"post","link":"https:\/\/gretaschneider.at\/index.php\/2011\/10\/28\/ein-schwebend-rosa-luftballon-schaut-runter-auf-die-welt\/","title":{"rendered":"ein schwebend rosa  luftballon schaut runter auf die welt"},"content":{"rendered":"<p>ein schwebend rosa  luftballon schaut runter auf die welt<br \/>\nda sieht er einen kahlen kopf der ihm sehr gef\u00e4llt<br \/>\ner w\u00fcrd ihn gerne ganz zart k\u00fcssen  und ihm nahe sein<br \/>\ndoch muss er leider weiterschweben  rosa und allein<\/p>\n","protected":false},"excerpt":{"rendered":"<p>ein schwebend rosa luftballon schaut runter auf die welt da sieht er einen kahlen kopf der ihm sehr gef\u00e4llt er w\u00fcrd ihn gerne ganz zart k\u00fcssen und ihm nahe sein doch muss er leider weiterschweben rosa und allein<\/p>\n","protected":false},"author":1,"featured_media":0,"comment_status":"open","ping_status":"open","sticky":false,"template":"","format":"standard","meta":{"footnotes":""},"categories":[4],"tags":[],"class_list":["post-1310","post","type-post","status-publish","format-standard","hentry","category-aktuelles"],"_links":{"self":[{"href":"https:\/\/gretaschneider.at\/index.php\/wp-json\/wp\/v2\/posts\/1310","targetHints":{"allow":["GET"]}}],"collection":[{"href":"https:\/\/gretaschneider.at\/index.php\/wp-json\/wp\/v2\/posts"}],"about":[{"href":"https:\/\/gretaschneider.at\/index.php\/wp-json\/wp\/v2\/types\/post"}],"author":[{"embeddable":true,"href":"https:\/\/gretaschneider.at\/index.php\/wp-json\/wp\/v2\/users\/1"}],"replies":[{"embeddable":true,"href":"https:\/\/gretaschneider.at\/index.php\/wp-json\/wp\/v2\/comments?post=1310"}],"version-history":[{"count":0,"href":"https:\/\/gretaschneider.at\/index.php\/wp-json\/wp\/v2\/posts\/1310\/revisions"}],"wp:attachment":[{"href":"https:\/\/gretaschneider.at\/index.php\/wp-json\/wp\/v2\/media?parent=1310"}],"wp:term":[{"taxonomy":"category","embeddable":true,"href":"https:\/\/gretaschneider.at\/index.php\/wp-json\/wp\/v2\/categories?post=1310"},{"taxonomy":"post_tag","embeddable":true,"href":"https:\/\/gretaschneider.at\/index.php\/wp-json\/wp\/v2\/tags?post=1310"}],"curies":[{"name":"wp","href":"https:\/\/api.w.org\/{rel}","templated":true}]}}