{"id":1290,"date":"2011-12-11T00:00:00","date_gmt":"2011-12-11T00:00:00","guid":{"rendered":"https:\/\/gretaschneider.at\/index.php\/2011\/12\/11\/so-eine-mit-schwarzen-federn\/"},"modified":"2011-12-11T00:00:00","modified_gmt":"2011-12-11T00:00:00","slug":"so-eine-mit-schwarzen-federn","status":"publish","type":"post","link":"https:\/\/gretaschneider.at\/index.php\/2011\/12\/11\/so-eine-mit-schwarzen-federn\/","title":{"rendered":"so eine mit schwarzen federn"},"content":{"rendered":"<p>so eine mit schwarzen federn<br \/>\ngelbschnabelig  sch\u00f6n<br \/>\nso eine die abends kr\u00e4chzt<br \/>\nmorgenlieder verweigert<br \/>\nso eine unter hundert gleichen<br \/>\nauf kahlen \u00e4sten hockend<br \/>\nwenn die sonne untergeht<br \/>\nso eine  kann ich sein<\/p>\n","protected":false},"excerpt":{"rendered":"<p>so eine mit schwarzen federn gelbschnabelig sch\u00f6n so eine die abends kr\u00e4chzt morgenlieder verweigert so eine unter hundert gleichen auf kahlen \u00e4sten hockend wenn die sonne untergeht so eine kann ich sein<\/p>\n","protected":false},"author":1,"featured_media":0,"comment_status":"open","ping_status":"open","sticky":false,"template":"","format":"standard","meta":{"footnotes":""},"categories":[4],"tags":[],"class_list":["post-1290","post","type-post","status-publish","format-standard","hentry","category-aktuelles"],"_links":{"self":[{"href":"https:\/\/gretaschneider.at\/index.php\/wp-json\/wp\/v2\/posts\/1290","targetHints":{"allow":["GET"]}}],"collection":[{"href":"https:\/\/gretaschneider.at\/index.php\/wp-json\/wp\/v2\/posts"}],"about":[{"href":"https:\/\/gretaschneider.at\/index.php\/wp-json\/wp\/v2\/types\/post"}],"author":[{"embeddable":true,"href":"https:\/\/gretaschneider.at\/index.php\/wp-json\/wp\/v2\/users\/1"}],"replies":[{"embeddable":true,"href":"https:\/\/gretaschneider.at\/index.php\/wp-json\/wp\/v2\/comments?post=1290"}],"version-history":[{"count":0,"href":"https:\/\/gretaschneider.at\/index.php\/wp-json\/wp\/v2\/posts\/1290\/revisions"}],"wp:attachment":[{"href":"https:\/\/gretaschneider.at\/index.php\/wp-json\/wp\/v2\/media?parent=1290"}],"wp:term":[{"taxonomy":"category","embeddable":true,"href":"https:\/\/gretaschneider.at\/index.php\/wp-json\/wp\/v2\/categories?post=1290"},{"taxonomy":"post_tag","embeddable":true,"href":"https:\/\/gretaschneider.at\/index.php\/wp-json\/wp\/v2\/tags?post=1290"}],"curies":[{"name":"wp","href":"https:\/\/api.w.org\/{rel}","templated":true}]}}