{"id":1280,"date":"2012-01-08T00:00:00","date_gmt":"2012-01-08T00:00:00","guid":{"rendered":"https:\/\/gretaschneider.at\/index.php\/2012\/01\/08\/damals-als-die-voegelein-sich-paarten\/"},"modified":"2012-01-08T00:00:00","modified_gmt":"2012-01-08T00:00:00","slug":"damals-als-die-voegelein-sich-paarten","status":"publish","type":"post","link":"https:\/\/gretaschneider.at\/index.php\/2012\/01\/08\/damals-als-die-voegelein-sich-paarten\/","title":{"rendered":"damals als die v\u00f6gelein sich paarten"},"content":{"rendered":"<p>damals als die v\u00f6gelein sich paarten<br \/>\ndie welt war wunderwei\u00df<br \/>\nkann sein auch  angeschw\u00e4rzt<br \/>\ndamals als die v\u00f6gelein sich paarten<br \/>\ndie locken waren gl\u00e4nzendgold<br \/>\nganz kahl der kopf<br \/>\ndamals als die v\u00f6gelein sich paarten<br \/>\nda kam der ferne klang<br \/>\nkann sein  ein ohrensausen<br \/>\ndamals alsdam damals<br \/>\nhaben sich die v\u00f6gelein  gepaart<\/p>\n","protected":false},"excerpt":{"rendered":"<p>damals als die v\u00f6gelein sich paarten die welt war wunderwei\u00df kann sein auch angeschw\u00e4rzt damals als die v\u00f6gelein sich paarten die locken waren gl\u00e4nzendgold ganz kahl der kopf damals als die v\u00f6gelein sich paarten da kam der ferne klang kann sein ein ohrensausen damals alsdam damals haben sich die v\u00f6gelein gepaart<\/p>\n","protected":false},"author":1,"featured_media":0,"comment_status":"open","ping_status":"open","sticky":false,"template":"","format":"standard","meta":{"footnotes":""},"categories":[4],"tags":[],"class_list":["post-1280","post","type-post","status-publish","format-standard","hentry","category-aktuelles"],"_links":{"self":[{"href":"https:\/\/gretaschneider.at\/index.php\/wp-json\/wp\/v2\/posts\/1280","targetHints":{"allow":["GET"]}}],"collection":[{"href":"https:\/\/gretaschneider.at\/index.php\/wp-json\/wp\/v2\/posts"}],"about":[{"href":"https:\/\/gretaschneider.at\/index.php\/wp-json\/wp\/v2\/types\/post"}],"author":[{"embeddable":true,"href":"https:\/\/gretaschneider.at\/index.php\/wp-json\/wp\/v2\/users\/1"}],"replies":[{"embeddable":true,"href":"https:\/\/gretaschneider.at\/index.php\/wp-json\/wp\/v2\/comments?post=1280"}],"version-history":[{"count":0,"href":"https:\/\/gretaschneider.at\/index.php\/wp-json\/wp\/v2\/posts\/1280\/revisions"}],"wp:attachment":[{"href":"https:\/\/gretaschneider.at\/index.php\/wp-json\/wp\/v2\/media?parent=1280"}],"wp:term":[{"taxonomy":"category","embeddable":true,"href":"https:\/\/gretaschneider.at\/index.php\/wp-json\/wp\/v2\/categories?post=1280"},{"taxonomy":"post_tag","embeddable":true,"href":"https:\/\/gretaschneider.at\/index.php\/wp-json\/wp\/v2\/tags?post=1280"}],"curies":[{"name":"wp","href":"https:\/\/api.w.org\/{rel}","templated":true}]}}