{"id":1271,"date":"2012-01-28T00:00:00","date_gmt":"2012-01-28T00:00:00","guid":{"rendered":"https:\/\/gretaschneider.at\/index.php\/2012\/01\/28\/es-sind-die-klaenge-wie-worte\/"},"modified":"2012-01-28T00:00:00","modified_gmt":"2012-01-28T00:00:00","slug":"es-sind-die-klaenge-wie-worte","status":"publish","type":"post","link":"https:\/\/gretaschneider.at\/index.php\/2012\/01\/28\/es-sind-die-klaenge-wie-worte\/","title":{"rendered":"es  sind die kl\u00e4nge wie worte"},"content":{"rendered":"<p>es  sind die kl\u00e4nge wie worte<br \/>\nwunden verbindend<br \/>\ngedanken verwirrend ersch\u00fctternd<br \/>\nein herz<br \/>\nwolkenkl\u00e4nge am horizont<br \/>\nmooskl\u00e4nge auf vermodernden st\u00e4mmen<br \/>\nkl\u00e4nge wie pfeile<br \/>\nins herz<\/p>\n<p>26.1.2012<br \/>\nrabenfedern  fallen vom himmel<br \/>\nin weichem schwarz versinkt die welt<br \/>\nda w\u00fchlen sie sich aus dem dunkel<br \/>\njauchzend<br \/>\nwirbelnde winde<br \/>\narme wie adlerschwingen<br \/>\nein narrenschrei  gellt in den ohren<br \/>\nl\u00e4sst die erde vor angst erbeben<br \/>\ndoch sie w\u00fchlen sich aus dem dunkel<br \/>\nlachend<br \/>\nerschaffen neues<br \/>\nden kopf voller bilder<br \/>\nsie wissen  nicht und alles<\/p>\n","protected":false},"excerpt":{"rendered":"<p>es sind die kl\u00e4nge wie worte wunden verbindend gedanken verwirrend ersch\u00fctternd ein herz wolkenkl\u00e4nge am horizont mooskl\u00e4nge auf vermodernden st\u00e4mmen kl\u00e4nge wie pfeile ins herz 26.1.2012 rabenfedern fallen vom himmel in weichem schwarz versinkt die welt da w\u00fchlen sie sich aus dem dunkel jauchzend wirbelnde winde arme wie adlerschwingen ein narrenschrei gellt in den ohren [&hellip;]<\/p>\n","protected":false},"author":1,"featured_media":0,"comment_status":"open","ping_status":"open","sticky":false,"template":"","format":"standard","meta":{"footnotes":""},"categories":[4],"tags":[],"class_list":["post-1271","post","type-post","status-publish","format-standard","hentry","category-aktuelles"],"_links":{"self":[{"href":"https:\/\/gretaschneider.at\/index.php\/wp-json\/wp\/v2\/posts\/1271","targetHints":{"allow":["GET"]}}],"collection":[{"href":"https:\/\/gretaschneider.at\/index.php\/wp-json\/wp\/v2\/posts"}],"about":[{"href":"https:\/\/gretaschneider.at\/index.php\/wp-json\/wp\/v2\/types\/post"}],"author":[{"embeddable":true,"href":"https:\/\/gretaschneider.at\/index.php\/wp-json\/wp\/v2\/users\/1"}],"replies":[{"embeddable":true,"href":"https:\/\/gretaschneider.at\/index.php\/wp-json\/wp\/v2\/comments?post=1271"}],"version-history":[{"count":0,"href":"https:\/\/gretaschneider.at\/index.php\/wp-json\/wp\/v2\/posts\/1271\/revisions"}],"wp:attachment":[{"href":"https:\/\/gretaschneider.at\/index.php\/wp-json\/wp\/v2\/media?parent=1271"}],"wp:term":[{"taxonomy":"category","embeddable":true,"href":"https:\/\/gretaschneider.at\/index.php\/wp-json\/wp\/v2\/categories?post=1271"},{"taxonomy":"post_tag","embeddable":true,"href":"https:\/\/gretaschneider.at\/index.php\/wp-json\/wp\/v2\/tags?post=1271"}],"curies":[{"name":"wp","href":"https:\/\/api.w.org\/{rel}","templated":true}]}}