{"id":1265,"date":"2012-02-13T00:00:00","date_gmt":"2012-02-13T00:00:00","guid":{"rendered":"https:\/\/gretaschneider.at\/index.php\/2012\/02\/13\/er-traegt-sein-weisses-haar-recht-lang\/"},"modified":"2012-02-13T00:00:00","modified_gmt":"2012-02-13T00:00:00","slug":"er-traegt-sein-weisses-haar-recht-lang","status":"publish","type":"post","link":"https:\/\/gretaschneider.at\/index.php\/2012\/02\/13\/er-traegt-sein-weisses-haar-recht-lang\/","title":{"rendered":"er tr\u00e4gt sein wei\u00dfes haar recht lang"},"content":{"rendered":"<p>er tr\u00e4gt sein wei\u00dfes haar recht lang<br \/>\nund auch die fingern\u00e4gel<br \/>\ndie ohren mit den b\u00fcscheln drin<br \/>\nschauen aus wie sch\u00e4delsegel<br \/>\ner schn\u00e4uzt sich laut ins sch\u00e4uzetuch<br \/>\ndann hustet er verlegen<br \/>\nund spielt auf der harmonika<br \/>\ndas lied vom regensegen<br \/>\nsein wei\u00dfes  haar ist tropfend nass<br \/>\nsein hut der liegt vor ihm<br \/>\ndankesm\u00fcnzen gl\u00e4nzen raus<br \/>\nweil wolken sich verziehn<br \/>\ndie sonne scheint hell auf sein haar<br \/>\ndas flattert wei\u00df im wind<br \/>\ner findet sein leben wunderbar<br \/>\nein gl\u00fccklich altes kind<\/p>\n","protected":false},"excerpt":{"rendered":"<p>er tr\u00e4gt sein wei\u00dfes haar recht lang und auch die fingern\u00e4gel die ohren mit den b\u00fcscheln drin schauen aus wie sch\u00e4delsegel er schn\u00e4uzt sich laut ins sch\u00e4uzetuch dann hustet er verlegen und spielt auf der harmonika das lied vom regensegen sein wei\u00dfes haar ist tropfend nass sein hut der liegt vor ihm dankesm\u00fcnzen gl\u00e4nzen raus [&hellip;]<\/p>\n","protected":false},"author":1,"featured_media":0,"comment_status":"open","ping_status":"open","sticky":false,"template":"","format":"standard","meta":{"footnotes":""},"categories":[4],"tags":[],"class_list":["post-1265","post","type-post","status-publish","format-standard","hentry","category-aktuelles"],"_links":{"self":[{"href":"https:\/\/gretaschneider.at\/index.php\/wp-json\/wp\/v2\/posts\/1265","targetHints":{"allow":["GET"]}}],"collection":[{"href":"https:\/\/gretaschneider.at\/index.php\/wp-json\/wp\/v2\/posts"}],"about":[{"href":"https:\/\/gretaschneider.at\/index.php\/wp-json\/wp\/v2\/types\/post"}],"author":[{"embeddable":true,"href":"https:\/\/gretaschneider.at\/index.php\/wp-json\/wp\/v2\/users\/1"}],"replies":[{"embeddable":true,"href":"https:\/\/gretaschneider.at\/index.php\/wp-json\/wp\/v2\/comments?post=1265"}],"version-history":[{"count":0,"href":"https:\/\/gretaschneider.at\/index.php\/wp-json\/wp\/v2\/posts\/1265\/revisions"}],"wp:attachment":[{"href":"https:\/\/gretaschneider.at\/index.php\/wp-json\/wp\/v2\/media?parent=1265"}],"wp:term":[{"taxonomy":"category","embeddable":true,"href":"https:\/\/gretaschneider.at\/index.php\/wp-json\/wp\/v2\/categories?post=1265"},{"taxonomy":"post_tag","embeddable":true,"href":"https:\/\/gretaschneider.at\/index.php\/wp-json\/wp\/v2\/tags?post=1265"}],"curies":[{"name":"wp","href":"https:\/\/api.w.org\/{rel}","templated":true}]}}