{"id":1248,"date":"2012-03-22T00:00:00","date_gmt":"2012-03-22T00:00:00","guid":{"rendered":"https:\/\/gretaschneider.at\/index.php\/2012\/03\/22\/wenn-am-ende-des-tages\/"},"modified":"2012-03-22T00:00:00","modified_gmt":"2012-03-22T00:00:00","slug":"wenn-am-ende-des-tages","status":"publish","type":"post","link":"https:\/\/gretaschneider.at\/index.php\/2012\/03\/22\/wenn-am-ende-des-tages\/","title":{"rendered":"wenn am ende des tages"},"content":{"rendered":"<p>wenn am ende des tages<br \/>\ndie sonne nicht ihre glut<br \/>\n\u00fcber die berge versch\u00fcttet<br \/>\n l\u00e4sst der regen die wiesen<br \/>\nund w\u00e4lder  gr\u00fcngl\u00e4nzen<br \/>\ntaucht das wolkengrau die h\u00e4user<br \/>\nin seinen farbtopf<br \/>\nund es stehen   keine sterne<br \/>\nam himmel die einer  von dort<br \/>\nholen k\u00f6nnte<\/p>\n","protected":false},"excerpt":{"rendered":"<p>wenn am ende des tages die sonne nicht ihre glut \u00fcber die berge versch\u00fcttet l\u00e4sst der regen die wiesen und w\u00e4lder gr\u00fcngl\u00e4nzen taucht das wolkengrau die h\u00e4user in seinen farbtopf und es stehen keine sterne am himmel die einer von dort holen k\u00f6nnte<\/p>\n","protected":false},"author":1,"featured_media":0,"comment_status":"open","ping_status":"open","sticky":false,"template":"","format":"standard","meta":{"footnotes":""},"categories":[4],"tags":[],"class_list":["post-1248","post","type-post","status-publish","format-standard","hentry","category-aktuelles"],"_links":{"self":[{"href":"https:\/\/gretaschneider.at\/index.php\/wp-json\/wp\/v2\/posts\/1248","targetHints":{"allow":["GET"]}}],"collection":[{"href":"https:\/\/gretaschneider.at\/index.php\/wp-json\/wp\/v2\/posts"}],"about":[{"href":"https:\/\/gretaschneider.at\/index.php\/wp-json\/wp\/v2\/types\/post"}],"author":[{"embeddable":true,"href":"https:\/\/gretaschneider.at\/index.php\/wp-json\/wp\/v2\/users\/1"}],"replies":[{"embeddable":true,"href":"https:\/\/gretaschneider.at\/index.php\/wp-json\/wp\/v2\/comments?post=1248"}],"version-history":[{"count":0,"href":"https:\/\/gretaschneider.at\/index.php\/wp-json\/wp\/v2\/posts\/1248\/revisions"}],"wp:attachment":[{"href":"https:\/\/gretaschneider.at\/index.php\/wp-json\/wp\/v2\/media?parent=1248"}],"wp:term":[{"taxonomy":"category","embeddable":true,"href":"https:\/\/gretaschneider.at\/index.php\/wp-json\/wp\/v2\/categories?post=1248"},{"taxonomy":"post_tag","embeddable":true,"href":"https:\/\/gretaschneider.at\/index.php\/wp-json\/wp\/v2\/tags?post=1248"}],"curies":[{"name":"wp","href":"https:\/\/api.w.org\/{rel}","templated":true}]}}