{"id":1240,"date":"2012-04-07T00:00:00","date_gmt":"2012-04-07T00:00:00","guid":{"rendered":"https:\/\/gretaschneider.at\/index.php\/2012\/04\/07\/die-wiesen-sind-weiss\/"},"modified":"2012-04-07T00:00:00","modified_gmt":"2012-04-07T00:00:00","slug":"die-wiesen-sind-weiss","status":"publish","type":"post","link":"https:\/\/gretaschneider.at\/index.php\/2012\/04\/07\/die-wiesen-sind-weiss\/","title":{"rendered":"die wiesen sind  wei\u00df"},"content":{"rendered":"<p>die wiesen sind  wei\u00df<br \/>\nder osterhase  ist wei\u00df<br \/>\ndie roten eier sind wei\u00df<br \/>\ndie blauen eier sind wei\u00df<br \/>\ndie gelben eier sind wei\u00df<br \/>\nund der schneemann  winkt<br \/>\nmit einem wei\u00dfen palmzweig<br \/>\naber im haus ist alles bunt<\/p>\n","protected":false},"excerpt":{"rendered":"<p>die wiesen sind wei\u00df der osterhase ist wei\u00df die roten eier sind wei\u00df die blauen eier sind wei\u00df die gelben eier sind wei\u00df und der schneemann winkt mit einem wei\u00dfen palmzweig aber im haus ist alles bunt<\/p>\n","protected":false},"author":1,"featured_media":0,"comment_status":"open","ping_status":"open","sticky":false,"template":"","format":"standard","meta":{"footnotes":""},"categories":[4],"tags":[],"class_list":["post-1240","post","type-post","status-publish","format-standard","hentry","category-aktuelles"],"_links":{"self":[{"href":"https:\/\/gretaschneider.at\/index.php\/wp-json\/wp\/v2\/posts\/1240","targetHints":{"allow":["GET"]}}],"collection":[{"href":"https:\/\/gretaschneider.at\/index.php\/wp-json\/wp\/v2\/posts"}],"about":[{"href":"https:\/\/gretaschneider.at\/index.php\/wp-json\/wp\/v2\/types\/post"}],"author":[{"embeddable":true,"href":"https:\/\/gretaschneider.at\/index.php\/wp-json\/wp\/v2\/users\/1"}],"replies":[{"embeddable":true,"href":"https:\/\/gretaschneider.at\/index.php\/wp-json\/wp\/v2\/comments?post=1240"}],"version-history":[{"count":0,"href":"https:\/\/gretaschneider.at\/index.php\/wp-json\/wp\/v2\/posts\/1240\/revisions"}],"wp:attachment":[{"href":"https:\/\/gretaschneider.at\/index.php\/wp-json\/wp\/v2\/media?parent=1240"}],"wp:term":[{"taxonomy":"category","embeddable":true,"href":"https:\/\/gretaschneider.at\/index.php\/wp-json\/wp\/v2\/categories?post=1240"},{"taxonomy":"post_tag","embeddable":true,"href":"https:\/\/gretaschneider.at\/index.php\/wp-json\/wp\/v2\/tags?post=1240"}],"curies":[{"name":"wp","href":"https:\/\/api.w.org\/{rel}","templated":true}]}}