{"id":1208,"date":"2012-06-12T00:00:00","date_gmt":"2012-06-12T00:00:00","guid":{"rendered":"https:\/\/gretaschneider.at\/index.php\/2012\/06\/12\/die-langhoernige-kuh-kaut-wieder\/"},"modified":"2012-06-12T00:00:00","modified_gmt":"2012-06-12T00:00:00","slug":"die-langhoernige-kuh-kaut-wieder","status":"publish","type":"post","link":"https:\/\/gretaschneider.at\/index.php\/2012\/06\/12\/die-langhoernige-kuh-kaut-wieder\/","title":{"rendered":"die langh\u00f6rnige kuh kaut wieder"},"content":{"rendered":"<p>die langh\u00f6rnige kuh kaut wieder<br \/>\nund f\u00e4chelt mit dem schweif<br \/>\nsanft<br \/>\ndie fliegen vom r\u00fccken<br \/>\nder kurzh\u00f6rnigen kuh die wieder<br \/>\nkaut<br \/>\nbeide werden geschlachtet<br \/>\nwerden<br \/>\ndas fleisch der langh\u00f6rnigen kuh<br \/>\nschmeckt glaubt man feinschmeckern<br \/>\nbesser<br \/>\nals das der kurzh\u00f6rnigen kuh<br \/>\ndie neben ihr auf der wiese liegt<\/p>\n","protected":false},"excerpt":{"rendered":"<p>die langh\u00f6rnige kuh kaut wieder und f\u00e4chelt mit dem schweif sanft die fliegen vom r\u00fccken der kurzh\u00f6rnigen kuh die wieder kaut beide werden geschlachtet werden das fleisch der langh\u00f6rnigen kuh schmeckt glaubt man feinschmeckern besser als das der kurzh\u00f6rnigen kuh die neben ihr auf der wiese liegt<\/p>\n","protected":false},"author":1,"featured_media":0,"comment_status":"open","ping_status":"open","sticky":false,"template":"","format":"standard","meta":{"footnotes":""},"categories":[4],"tags":[],"class_list":["post-1208","post","type-post","status-publish","format-standard","hentry","category-aktuelles"],"_links":{"self":[{"href":"https:\/\/gretaschneider.at\/index.php\/wp-json\/wp\/v2\/posts\/1208","targetHints":{"allow":["GET"]}}],"collection":[{"href":"https:\/\/gretaschneider.at\/index.php\/wp-json\/wp\/v2\/posts"}],"about":[{"href":"https:\/\/gretaschneider.at\/index.php\/wp-json\/wp\/v2\/types\/post"}],"author":[{"embeddable":true,"href":"https:\/\/gretaschneider.at\/index.php\/wp-json\/wp\/v2\/users\/1"}],"replies":[{"embeddable":true,"href":"https:\/\/gretaschneider.at\/index.php\/wp-json\/wp\/v2\/comments?post=1208"}],"version-history":[{"count":0,"href":"https:\/\/gretaschneider.at\/index.php\/wp-json\/wp\/v2\/posts\/1208\/revisions"}],"wp:attachment":[{"href":"https:\/\/gretaschneider.at\/index.php\/wp-json\/wp\/v2\/media?parent=1208"}],"wp:term":[{"taxonomy":"category","embeddable":true,"href":"https:\/\/gretaschneider.at\/index.php\/wp-json\/wp\/v2\/categories?post=1208"},{"taxonomy":"post_tag","embeddable":true,"href":"https:\/\/gretaschneider.at\/index.php\/wp-json\/wp\/v2\/tags?post=1208"}],"curies":[{"name":"wp","href":"https:\/\/api.w.org\/{rel}","templated":true}]}}