{"id":1183,"date":"2012-08-01T00:00:00","date_gmt":"2012-08-01T00:00:00","guid":{"rendered":"https:\/\/gretaschneider.at\/index.php\/2012\/08\/01\/ins-helle-gruene-wiesental\/"},"modified":"2012-08-01T00:00:00","modified_gmt":"2012-08-01T00:00:00","slug":"ins-helle-gruene-wiesental","status":"publish","type":"post","link":"https:\/\/gretaschneider.at\/index.php\/2012\/08\/01\/ins-helle-gruene-wiesental\/","title":{"rendered":"ins helle gr\u00fcne wiesental"},"content":{"rendered":"<p>ins helle gr\u00fcne wiesental<br \/>\nda rollt ein gro\u00dfer stein hinein<br \/>\nim hellen gr\u00fcnen wiesental<br \/>\nsollt doch kein gro\u00dfer stein sein<br \/>\nder stein ist spitz<br \/>\nder stein ist hart<br \/>\ndas wiesental ist ist weich und zart<br \/>\ndoch wiesental und stein<br \/>\nwolln gern zusammensein<br \/>\njetzt lebt der stein im wiesental<br \/>\nvon ferne rauscht ein wasserfall<\/p>\n","protected":false},"excerpt":{"rendered":"<p>ins helle gr\u00fcne wiesental da rollt ein gro\u00dfer stein hinein im hellen gr\u00fcnen wiesental sollt doch kein gro\u00dfer stein sein der stein ist spitz der stein ist hart das wiesental ist ist weich und zart doch wiesental und stein wolln gern zusammensein jetzt lebt der stein im wiesental von ferne rauscht ein wasserfall<\/p>\n","protected":false},"author":1,"featured_media":0,"comment_status":"open","ping_status":"open","sticky":false,"template":"","format":"standard","meta":{"footnotes":""},"categories":[4],"tags":[],"class_list":["post-1183","post","type-post","status-publish","format-standard","hentry","category-aktuelles"],"_links":{"self":[{"href":"https:\/\/gretaschneider.at\/index.php\/wp-json\/wp\/v2\/posts\/1183","targetHints":{"allow":["GET"]}}],"collection":[{"href":"https:\/\/gretaschneider.at\/index.php\/wp-json\/wp\/v2\/posts"}],"about":[{"href":"https:\/\/gretaschneider.at\/index.php\/wp-json\/wp\/v2\/types\/post"}],"author":[{"embeddable":true,"href":"https:\/\/gretaschneider.at\/index.php\/wp-json\/wp\/v2\/users\/1"}],"replies":[{"embeddable":true,"href":"https:\/\/gretaschneider.at\/index.php\/wp-json\/wp\/v2\/comments?post=1183"}],"version-history":[{"count":0,"href":"https:\/\/gretaschneider.at\/index.php\/wp-json\/wp\/v2\/posts\/1183\/revisions"}],"wp:attachment":[{"href":"https:\/\/gretaschneider.at\/index.php\/wp-json\/wp\/v2\/media?parent=1183"}],"wp:term":[{"taxonomy":"category","embeddable":true,"href":"https:\/\/gretaschneider.at\/index.php\/wp-json\/wp\/v2\/categories?post=1183"},{"taxonomy":"post_tag","embeddable":true,"href":"https:\/\/gretaschneider.at\/index.php\/wp-json\/wp\/v2\/tags?post=1183"}],"curies":[{"name":"wp","href":"https:\/\/api.w.org\/{rel}","templated":true}]}}