{"id":1179,"date":"2012-08-09T00:00:00","date_gmt":"2012-08-09T00:00:00","guid":{"rendered":"https:\/\/gretaschneider.at\/index.php\/2012\/08\/09\/die-wolken-kommen-angeflogen\/"},"modified":"2012-08-09T00:00:00","modified_gmt":"2012-08-09T00:00:00","slug":"die-wolken-kommen-angeflogen","status":"publish","type":"post","link":"https:\/\/gretaschneider.at\/index.php\/2012\/08\/09\/die-wolken-kommen-angeflogen\/","title":{"rendered":"die wolken kommen angeflogen"},"content":{"rendered":"<p>die wolken kommen angeflogen<br \/>\nsind sauseschnell &#8211; so wie der wind.<br \/>\nes ist noch keine abgebogen<br \/>\nweil sie vom wind getrieben sind.<br \/>\nwollen sie nicht weiterfliegen,<br \/>\nm\u00fcssen schnell sie bauchweh kriegen.<br \/>\nplatsch dann gen\u00fcsslich  auf die erde &#8211;<br \/>\ndie m\u00fcde graue  wolkenherde.<br \/>\noder  sie wird  zu wei\u00dfen schafen<br \/>\nund der sausewind geht schlafen.<\/p>\n","protected":false},"excerpt":{"rendered":"<p>die wolken kommen angeflogen sind sauseschnell &#8211; so wie der wind. es ist noch keine abgebogen weil sie vom wind getrieben sind. wollen sie nicht weiterfliegen, m\u00fcssen schnell sie bauchweh kriegen. platsch dann gen\u00fcsslich auf die erde &#8211; die m\u00fcde graue wolkenherde. oder sie wird zu wei\u00dfen schafen und der sausewind geht schlafen.<\/p>\n","protected":false},"author":1,"featured_media":0,"comment_status":"open","ping_status":"open","sticky":false,"template":"","format":"standard","meta":{"footnotes":""},"categories":[4],"tags":[],"class_list":["post-1179","post","type-post","status-publish","format-standard","hentry","category-aktuelles"],"_links":{"self":[{"href":"https:\/\/gretaschneider.at\/index.php\/wp-json\/wp\/v2\/posts\/1179","targetHints":{"allow":["GET"]}}],"collection":[{"href":"https:\/\/gretaschneider.at\/index.php\/wp-json\/wp\/v2\/posts"}],"about":[{"href":"https:\/\/gretaschneider.at\/index.php\/wp-json\/wp\/v2\/types\/post"}],"author":[{"embeddable":true,"href":"https:\/\/gretaschneider.at\/index.php\/wp-json\/wp\/v2\/users\/1"}],"replies":[{"embeddable":true,"href":"https:\/\/gretaschneider.at\/index.php\/wp-json\/wp\/v2\/comments?post=1179"}],"version-history":[{"count":0,"href":"https:\/\/gretaschneider.at\/index.php\/wp-json\/wp\/v2\/posts\/1179\/revisions"}],"wp:attachment":[{"href":"https:\/\/gretaschneider.at\/index.php\/wp-json\/wp\/v2\/media?parent=1179"}],"wp:term":[{"taxonomy":"category","embeddable":true,"href":"https:\/\/gretaschneider.at\/index.php\/wp-json\/wp\/v2\/categories?post=1179"},{"taxonomy":"post_tag","embeddable":true,"href":"https:\/\/gretaschneider.at\/index.php\/wp-json\/wp\/v2\/tags?post=1179"}],"curies":[{"name":"wp","href":"https:\/\/api.w.org\/{rel}","templated":true}]}}