{"id":1171,"date":"2012-08-25T00:00:00","date_gmt":"2012-08-25T00:00:00","guid":{"rendered":"https:\/\/gretaschneider.at\/index.php\/2012\/08\/25\/im-mondlicht-im-bleichen\/"},"modified":"2012-08-25T00:00:00","modified_gmt":"2012-08-25T00:00:00","slug":"im-mondlicht-im-bleichen","status":"publish","type":"post","link":"https:\/\/gretaschneider.at\/index.php\/2012\/08\/25\/im-mondlicht-im-bleichen\/","title":{"rendered":"im mondlicht im bleichen"},"content":{"rendered":"<p>im mondlicht im bleichen<br \/>\nda drehn sich die zwerge.<br \/>\nsie tanzen und kichern<br \/>\nam zwergischen berge.<br \/>\nes schleichen die  blinden<br \/>\nes rattern die nattern<br \/>\nein eichernes h\u00f6rnchen<br \/>\nwill die zwerge verdattern.<br \/>\nes schwenkt ein wei\u00df lichtchen.<br \/>\nhei\u00dft: zwerge steht still.<br \/>\ndie zwerge  tun alles,<br \/>\nwas das eichh\u00f6rnchen will.<br \/>\nwill ein zwerg nicht gehorchen<br \/>\ngeht\u2019s ihm n\u00e4mlich schlecht:<br \/>\ner kriegt eine kopfnuss.<br \/>\nist das zwergengerecht?<\/p>\n","protected":false},"excerpt":{"rendered":"<p>im mondlicht im bleichen da drehn sich die zwerge. sie tanzen und kichern am zwergischen berge. es schleichen die blinden es rattern die nattern ein eichernes h\u00f6rnchen will die zwerge verdattern. es schwenkt ein wei\u00df lichtchen. hei\u00dft: zwerge steht still. die zwerge tun alles, was das eichh\u00f6rnchen will. will ein zwerg nicht gehorchen geht\u2019s ihm [&hellip;]<\/p>\n","protected":false},"author":1,"featured_media":0,"comment_status":"open","ping_status":"open","sticky":false,"template":"","format":"standard","meta":{"footnotes":""},"categories":[4],"tags":[],"class_list":["post-1171","post","type-post","status-publish","format-standard","hentry","category-aktuelles"],"_links":{"self":[{"href":"https:\/\/gretaschneider.at\/index.php\/wp-json\/wp\/v2\/posts\/1171","targetHints":{"allow":["GET"]}}],"collection":[{"href":"https:\/\/gretaschneider.at\/index.php\/wp-json\/wp\/v2\/posts"}],"about":[{"href":"https:\/\/gretaschneider.at\/index.php\/wp-json\/wp\/v2\/types\/post"}],"author":[{"embeddable":true,"href":"https:\/\/gretaschneider.at\/index.php\/wp-json\/wp\/v2\/users\/1"}],"replies":[{"embeddable":true,"href":"https:\/\/gretaschneider.at\/index.php\/wp-json\/wp\/v2\/comments?post=1171"}],"version-history":[{"count":0,"href":"https:\/\/gretaschneider.at\/index.php\/wp-json\/wp\/v2\/posts\/1171\/revisions"}],"wp:attachment":[{"href":"https:\/\/gretaschneider.at\/index.php\/wp-json\/wp\/v2\/media?parent=1171"}],"wp:term":[{"taxonomy":"category","embeddable":true,"href":"https:\/\/gretaschneider.at\/index.php\/wp-json\/wp\/v2\/categories?post=1171"},{"taxonomy":"post_tag","embeddable":true,"href":"https:\/\/gretaschneider.at\/index.php\/wp-json\/wp\/v2\/tags?post=1171"}],"curies":[{"name":"wp","href":"https:\/\/api.w.org\/{rel}","templated":true}]}}