{"id":1165,"date":"2012-09-06T00:00:00","date_gmt":"2012-09-06T00:00:00","guid":{"rendered":"https:\/\/gretaschneider.at\/index.php\/2012\/09\/06\/so-ein-ersterschultagkind-das-eine-schultuete-traegt\/"},"modified":"2012-09-06T00:00:00","modified_gmt":"2012-09-06T00:00:00","slug":"so-ein-ersterschultagkind-das-eine-schultuete-traegt","status":"publish","type":"post","link":"https:\/\/gretaschneider.at\/index.php\/2012\/09\/06\/so-ein-ersterschultagkind-das-eine-schultuete-traegt\/","title":{"rendered":"so  ein ersterschultagkind das eine schult\u00fcte tr\u00e4gt"},"content":{"rendered":"<p>so  ein ersterschultagkind das eine schult\u00fcte tr\u00e4gt<br \/>\ndunkelblondes haar  marke struppi<br \/>\nein hellblaues jacket dunkelblau verbr\u00e4mt<br \/>\n in den hosentaschen ein taschentuch<br \/>\nnicht nur f\u00fcr die nase<br \/>\nso ein ersterschultagkind das seine schult\u00fcte tr\u00e4gt<br \/>\nin seinem brustkorb schl\u00e4gt das herz<br \/>\nschrecklich schnell<br \/>\nsein blick sucht keine anderen blicke<br \/>\nvorerst abwarten<br \/>\nso ein ersterschultagkind das seine schult\u00fcte tr\u00e4gt<br \/>\nkann  alles werden<\/p>\n","protected":false},"excerpt":{"rendered":"<p>so ein ersterschultagkind das eine schult\u00fcte tr\u00e4gt dunkelblondes haar marke struppi ein hellblaues jacket dunkelblau verbr\u00e4mt in den hosentaschen ein taschentuch nicht nur f\u00fcr die nase so ein ersterschultagkind das seine schult\u00fcte tr\u00e4gt in seinem brustkorb schl\u00e4gt das herz schrecklich schnell sein blick sucht keine anderen blicke vorerst abwarten so ein ersterschultagkind das seine schult\u00fcte [&hellip;]<\/p>\n","protected":false},"author":1,"featured_media":0,"comment_status":"open","ping_status":"open","sticky":false,"template":"","format":"standard","meta":{"footnotes":""},"categories":[4],"tags":[],"class_list":["post-1165","post","type-post","status-publish","format-standard","hentry","category-aktuelles"],"_links":{"self":[{"href":"https:\/\/gretaschneider.at\/index.php\/wp-json\/wp\/v2\/posts\/1165","targetHints":{"allow":["GET"]}}],"collection":[{"href":"https:\/\/gretaschneider.at\/index.php\/wp-json\/wp\/v2\/posts"}],"about":[{"href":"https:\/\/gretaschneider.at\/index.php\/wp-json\/wp\/v2\/types\/post"}],"author":[{"embeddable":true,"href":"https:\/\/gretaschneider.at\/index.php\/wp-json\/wp\/v2\/users\/1"}],"replies":[{"embeddable":true,"href":"https:\/\/gretaschneider.at\/index.php\/wp-json\/wp\/v2\/comments?post=1165"}],"version-history":[{"count":0,"href":"https:\/\/gretaschneider.at\/index.php\/wp-json\/wp\/v2\/posts\/1165\/revisions"}],"wp:attachment":[{"href":"https:\/\/gretaschneider.at\/index.php\/wp-json\/wp\/v2\/media?parent=1165"}],"wp:term":[{"taxonomy":"category","embeddable":true,"href":"https:\/\/gretaschneider.at\/index.php\/wp-json\/wp\/v2\/categories?post=1165"},{"taxonomy":"post_tag","embeddable":true,"href":"https:\/\/gretaschneider.at\/index.php\/wp-json\/wp\/v2\/tags?post=1165"}],"curies":[{"name":"wp","href":"https:\/\/api.w.org\/{rel}","templated":true}]}}