{"id":1162,"date":"2012-09-12T00:00:00","date_gmt":"2012-09-12T00:00:00","guid":{"rendered":"https:\/\/gretaschneider.at\/index.php\/2012\/09\/12\/im-bergwerk-mit-einer-stimme-aus-gold\/"},"modified":"2012-09-12T00:00:00","modified_gmt":"2012-09-12T00:00:00","slug":"im-bergwerk-mit-einer-stimme-aus-gold","status":"publish","type":"post","link":"https:\/\/gretaschneider.at\/index.php\/2012\/09\/12\/im-bergwerk-mit-einer-stimme-aus-gold\/","title":{"rendered":"im bergwerk mit einer stimme aus gold"},"content":{"rendered":"<p>im bergwerk mit einer stimme aus gold<br \/>\nl\u00e4sst er die anfangsworte str\u00f6men<br \/>\nan den w\u00e4nden leuchtet das zu wissende<br \/>\naus tiefen kerben<br \/>\ndann der nasenst\u00fcber des engels<br \/>\nder ausgang in die freiheit und das vergessen<br \/>\nnur manchmal im traum diese stimme<br \/>\nim schmerz das leuchten<br \/>\naus tiefen kerben<br \/>\ndann wieder der tag wie ein tag<br \/>\nmit seiner erinnerung  an die sonnenblume und ihre kerne<br \/>\nbest\u00e4ndiger versuch einer leugnung des bergwerks<br \/>\nstimmelos<\/p>\n","protected":false},"excerpt":{"rendered":"<p>im bergwerk mit einer stimme aus gold l\u00e4sst er die anfangsworte str\u00f6men an den w\u00e4nden leuchtet das zu wissende aus tiefen kerben dann der nasenst\u00fcber des engels der ausgang in die freiheit und das vergessen nur manchmal im traum diese stimme im schmerz das leuchten aus tiefen kerben dann wieder der tag wie ein tag [&hellip;]<\/p>\n","protected":false},"author":1,"featured_media":0,"comment_status":"open","ping_status":"open","sticky":false,"template":"","format":"standard","meta":{"footnotes":""},"categories":[4],"tags":[],"class_list":["post-1162","post","type-post","status-publish","format-standard","hentry","category-aktuelles"],"_links":{"self":[{"href":"https:\/\/gretaschneider.at\/index.php\/wp-json\/wp\/v2\/posts\/1162","targetHints":{"allow":["GET"]}}],"collection":[{"href":"https:\/\/gretaschneider.at\/index.php\/wp-json\/wp\/v2\/posts"}],"about":[{"href":"https:\/\/gretaschneider.at\/index.php\/wp-json\/wp\/v2\/types\/post"}],"author":[{"embeddable":true,"href":"https:\/\/gretaschneider.at\/index.php\/wp-json\/wp\/v2\/users\/1"}],"replies":[{"embeddable":true,"href":"https:\/\/gretaschneider.at\/index.php\/wp-json\/wp\/v2\/comments?post=1162"}],"version-history":[{"count":0,"href":"https:\/\/gretaschneider.at\/index.php\/wp-json\/wp\/v2\/posts\/1162\/revisions"}],"wp:attachment":[{"href":"https:\/\/gretaschneider.at\/index.php\/wp-json\/wp\/v2\/media?parent=1162"}],"wp:term":[{"taxonomy":"category","embeddable":true,"href":"https:\/\/gretaschneider.at\/index.php\/wp-json\/wp\/v2\/categories?post=1162"},{"taxonomy":"post_tag","embeddable":true,"href":"https:\/\/gretaschneider.at\/index.php\/wp-json\/wp\/v2\/tags?post=1162"}],"curies":[{"name":"wp","href":"https:\/\/api.w.org\/{rel}","templated":true}]}}