{"id":1157,"date":"2012-09-22T00:00:00","date_gmt":"2012-09-22T00:00:00","guid":{"rendered":"https:\/\/gretaschneider.at\/index.php\/2012\/09\/22\/farben-schuetzen\/"},"modified":"2012-09-22T00:00:00","modified_gmt":"2012-09-22T00:00:00","slug":"farben-schuetzen","status":"publish","type":"post","link":"https:\/\/gretaschneider.at\/index.php\/2012\/09\/22\/farben-schuetzen\/","title":{"rendered":"farben  sch\u00fctzen"},"content":{"rendered":"<p>farben  sch\u00fctzen<br \/>\nfarben st\u00fctzen<br \/>\nfarben machen froh<br \/>\nw\u00e4ren alle blumen wei\u00df und alle bl\u00e4tter grau<br \/>\ng\u00e4be es nur schwarze wiesen und einen wei\u00dfen pfau<br \/>\nw\u00e4r es nicht bunt auf unrer welt<br \/>\ndie menschen nur schwarz wei\u00df<br \/>\nder himmel grau kein sternenzelt<br \/>\nauch gl\u00e4nzendschwarz  das eis<br \/>\ndas w\u00e4r so schrecklich traurig so unheimlich so starr<br \/>\nals g\u00e4bs  kein leben auf der welt  und nichts w\u00e4r wunderbar<br \/>\nfarben sch\u00fctzen<br \/>\nfarben st\u00fctzen<br \/>\nfarben machen froh<br \/>\nes gibt das rot von rosen es gibt das rot vom mohn<br \/>\nlila von herbstzeitlosen goldgelb vom weizenthron<br \/>\nblauleuchtend ist der salbei<br \/>\ndie wiesen die sind gr\u00fcn<br \/>\norange der karottenbrei<br \/>\nrosen auch rosa bl\u00fchn<br \/>\ndas ist so herrlich fr\u00f6hlich, so wunderbar, so sch\u00f6n<br \/>\nals g\u00e4bs nur freude auf der welt, als k\u00f6nnt uns nichts geschehn<br \/>\nfarben sch\u00fctzen<br \/>\nfarben st\u00fctzen<br \/>\nfarben machen froh<br \/>\nes gibt im grau der st\u00e4dte so manches bunte haus<br \/>\nin kalten alten zimmern manch farbenfrohen strau\u00df<br \/>\nblumenges\u00e4umt sind stra\u00dfen<br \/>\npullover  himbeerrot<br \/>\nknallrot auch kalte nasen<br \/>\nblitzblau manch ruderboot<br \/>\nso mischen sich die farben in unserm leben ein<br \/>\nein farbenloses leben w\u00fcrde ganz farblos sein<br \/>\nfarben sch\u00fctzen<br \/>\nfarben st\u00fctzen<br \/>\nfarben machen froh<\/p>\n","protected":false},"excerpt":{"rendered":"<p>farben sch\u00fctzen farben st\u00fctzen farben machen froh w\u00e4ren alle blumen wei\u00df und alle bl\u00e4tter grau g\u00e4be es nur schwarze wiesen und einen wei\u00dfen pfau w\u00e4r es nicht bunt auf unrer welt die menschen nur schwarz wei\u00df der himmel grau kein sternenzelt auch gl\u00e4nzendschwarz das eis das w\u00e4r so schrecklich traurig so unheimlich so starr als [&hellip;]<\/p>\n","protected":false},"author":1,"featured_media":0,"comment_status":"open","ping_status":"open","sticky":false,"template":"","format":"standard","meta":{"footnotes":""},"categories":[4],"tags":[],"class_list":["post-1157","post","type-post","status-publish","format-standard","hentry","category-aktuelles"],"_links":{"self":[{"href":"https:\/\/gretaschneider.at\/index.php\/wp-json\/wp\/v2\/posts\/1157","targetHints":{"allow":["GET"]}}],"collection":[{"href":"https:\/\/gretaschneider.at\/index.php\/wp-json\/wp\/v2\/posts"}],"about":[{"href":"https:\/\/gretaschneider.at\/index.php\/wp-json\/wp\/v2\/types\/post"}],"author":[{"embeddable":true,"href":"https:\/\/gretaschneider.at\/index.php\/wp-json\/wp\/v2\/users\/1"}],"replies":[{"embeddable":true,"href":"https:\/\/gretaschneider.at\/index.php\/wp-json\/wp\/v2\/comments?post=1157"}],"version-history":[{"count":0,"href":"https:\/\/gretaschneider.at\/index.php\/wp-json\/wp\/v2\/posts\/1157\/revisions"}],"wp:attachment":[{"href":"https:\/\/gretaschneider.at\/index.php\/wp-json\/wp\/v2\/media?parent=1157"}],"wp:term":[{"taxonomy":"category","embeddable":true,"href":"https:\/\/gretaschneider.at\/index.php\/wp-json\/wp\/v2\/categories?post=1157"},{"taxonomy":"post_tag","embeddable":true,"href":"https:\/\/gretaschneider.at\/index.php\/wp-json\/wp\/v2\/tags?post=1157"}],"curies":[{"name":"wp","href":"https:\/\/api.w.org\/{rel}","templated":true}]}}