{"id":1141,"date":"2012-10-28T00:00:00","date_gmt":"2012-10-28T00:00:00","guid":{"rendered":"https:\/\/gretaschneider.at\/index.php\/2012\/10\/28\/jonas-bewohnt-ein-baumhaus\/"},"modified":"2012-10-28T00:00:00","modified_gmt":"2012-10-28T00:00:00","slug":"jonas-bewohnt-ein-baumhaus","status":"publish","type":"post","link":"https:\/\/gretaschneider.at\/index.php\/2012\/10\/28\/jonas-bewohnt-ein-baumhaus\/","title":{"rendered":"jonas bewohnt ein baumhaus"},"content":{"rendered":"<p>jonas bewohnt ein baumhaus<br \/>\nmit fenstern t\u00fcr und dach.<br \/>\nim bl\u00e4tterbett vom baumhaus<br \/>\nwird jonas morgens wach.<br \/>\nIm bl\u00e4tterbett vom baumhaus<br \/>\nschl\u00e4ft jonas abends ein.<br \/>\nauch in der zeit dazwischen<br \/>\nwill jonas im baumhaus sein.<br \/>\njonas lebt sehr gem\u00fctlich.<br \/>\ner hat gar nichts zu tun.<br \/>\nh\u00f6rt nur die v\u00f6gel zwitschern,<br \/>\nh\u00f6rt auch die k\u00fche muhn.<br \/>\ndie zeit vergeht im baumhaus<br \/>\ngenau wie \u00fcberall.<br \/>\ndoch jonas k\u00f6nnte schw\u00f6ren,<br \/>\nganz anders w\u00e4rs der fall.<\/p>\n","protected":false},"excerpt":{"rendered":"<p>jonas bewohnt ein baumhaus mit fenstern t\u00fcr und dach. im bl\u00e4tterbett vom baumhaus wird jonas morgens wach. Im bl\u00e4tterbett vom baumhaus schl\u00e4ft jonas abends ein. auch in der zeit dazwischen will jonas im baumhaus sein. jonas lebt sehr gem\u00fctlich. er hat gar nichts zu tun. h\u00f6rt nur die v\u00f6gel zwitschern, h\u00f6rt auch die k\u00fche muhn. [&hellip;]<\/p>\n","protected":false},"author":1,"featured_media":0,"comment_status":"open","ping_status":"open","sticky":false,"template":"","format":"standard","meta":{"footnotes":""},"categories":[4],"tags":[],"class_list":["post-1141","post","type-post","status-publish","format-standard","hentry","category-aktuelles"],"_links":{"self":[{"href":"https:\/\/gretaschneider.at\/index.php\/wp-json\/wp\/v2\/posts\/1141","targetHints":{"allow":["GET"]}}],"collection":[{"href":"https:\/\/gretaschneider.at\/index.php\/wp-json\/wp\/v2\/posts"}],"about":[{"href":"https:\/\/gretaschneider.at\/index.php\/wp-json\/wp\/v2\/types\/post"}],"author":[{"embeddable":true,"href":"https:\/\/gretaschneider.at\/index.php\/wp-json\/wp\/v2\/users\/1"}],"replies":[{"embeddable":true,"href":"https:\/\/gretaschneider.at\/index.php\/wp-json\/wp\/v2\/comments?post=1141"}],"version-history":[{"count":0,"href":"https:\/\/gretaschneider.at\/index.php\/wp-json\/wp\/v2\/posts\/1141\/revisions"}],"wp:attachment":[{"href":"https:\/\/gretaschneider.at\/index.php\/wp-json\/wp\/v2\/media?parent=1141"}],"wp:term":[{"taxonomy":"category","embeddable":true,"href":"https:\/\/gretaschneider.at\/index.php\/wp-json\/wp\/v2\/categories?post=1141"},{"taxonomy":"post_tag","embeddable":true,"href":"https:\/\/gretaschneider.at\/index.php\/wp-json\/wp\/v2\/tags?post=1141"}],"curies":[{"name":"wp","href":"https:\/\/api.w.org\/{rel}","templated":true}]}}