{"id":1138,"date":"2012-11-03T00:00:00","date_gmt":"2012-11-03T00:00:00","guid":{"rendered":"https:\/\/gretaschneider.at\/index.php\/2012\/11\/03\/der-zahn-der-zahn\/"},"modified":"2012-11-03T00:00:00","modified_gmt":"2012-11-03T00:00:00","slug":"der-zahn-der-zahn","status":"publish","type":"post","link":"https:\/\/gretaschneider.at\/index.php\/2012\/11\/03\/der-zahn-der-zahn\/","title":{"rendered":"der zahn der zahn"},"content":{"rendered":"<p>der zahn der zahn<br \/>\nder wackelt schon<br \/>\nder wackelt schon<br \/>\nso lang<br \/>\ndoch f\u00e4llt und f\u00e4llt<br \/>\nder zahn nicht aus<br \/>\nder wackelzahn<br \/>\nmacht bang<br \/>\nder zahn der zahn<br \/>\nder f\u00fchlt sich wohl<br \/>\nder f\u00fchlt sich wohl<br \/>\nim mund<br \/>\ner wackelt hin<br \/>\ner wackelt her<br \/>\nzw\u00f6lf mal in<br \/>\njeder stund<\/p>\n","protected":false},"excerpt":{"rendered":"<p>der zahn der zahn der wackelt schon der wackelt schon so lang doch f\u00e4llt und f\u00e4llt der zahn nicht aus der wackelzahn macht bang der zahn der zahn der f\u00fchlt sich wohl der f\u00fchlt sich wohl im mund er wackelt hin er wackelt her zw\u00f6lf mal in jeder stund<\/p>\n","protected":false},"author":1,"featured_media":0,"comment_status":"open","ping_status":"open","sticky":false,"template":"","format":"standard","meta":{"footnotes":""},"categories":[4],"tags":[],"class_list":["post-1138","post","type-post","status-publish","format-standard","hentry","category-aktuelles"],"_links":{"self":[{"href":"https:\/\/gretaschneider.at\/index.php\/wp-json\/wp\/v2\/posts\/1138","targetHints":{"allow":["GET"]}}],"collection":[{"href":"https:\/\/gretaschneider.at\/index.php\/wp-json\/wp\/v2\/posts"}],"about":[{"href":"https:\/\/gretaschneider.at\/index.php\/wp-json\/wp\/v2\/types\/post"}],"author":[{"embeddable":true,"href":"https:\/\/gretaschneider.at\/index.php\/wp-json\/wp\/v2\/users\/1"}],"replies":[{"embeddable":true,"href":"https:\/\/gretaschneider.at\/index.php\/wp-json\/wp\/v2\/comments?post=1138"}],"version-history":[{"count":0,"href":"https:\/\/gretaschneider.at\/index.php\/wp-json\/wp\/v2\/posts\/1138\/revisions"}],"wp:attachment":[{"href":"https:\/\/gretaschneider.at\/index.php\/wp-json\/wp\/v2\/media?parent=1138"}],"wp:term":[{"taxonomy":"category","embeddable":true,"href":"https:\/\/gretaschneider.at\/index.php\/wp-json\/wp\/v2\/categories?post=1138"},{"taxonomy":"post_tag","embeddable":true,"href":"https:\/\/gretaschneider.at\/index.php\/wp-json\/wp\/v2\/tags?post=1138"}],"curies":[{"name":"wp","href":"https:\/\/api.w.org\/{rel}","templated":true}]}}