{"id":1132,"date":"2012-11-15T00:00:00","date_gmt":"2012-11-15T00:00:00","guid":{"rendered":"https:\/\/gretaschneider.at\/index.php\/2012\/11\/15\/ich-kann-nicht-mehr-leben\/"},"modified":"2012-11-15T00:00:00","modified_gmt":"2012-11-15T00:00:00","slug":"ich-kann-nicht-mehr-leben","status":"publish","type":"post","link":"https:\/\/gretaschneider.at\/index.php\/2012\/11\/15\/ich-kann-nicht-mehr-leben\/","title":{"rendered":"Ich kann nicht mehr leben"},"content":{"rendered":"<p>Ich kann nicht mehr leben<br \/>\nohne ohne<br \/>\norchidee  am fensterbrett<br \/>\norchideen  sind so nett<br \/>\nwie ein frisch gemachtes bett<br \/>\nach wenn ich die orch<br \/>\nnicht h\u00e4tt am fensterbrett<br \/>\nohne idee s\u00e4\u00df ich jetzt hier<br \/>\nund ganz leer blieb das papier<br \/>\nzum gl\u00fcck habe ich die idee<br \/>\ndiese orch diese orch diese<br \/>\norchidee<br \/>\nso wei\u00df wie schnee<br \/>\nund sie lebt gerne o wie nett<br \/>\nauf meinem fensterbrett<\/p>\n","protected":false},"excerpt":{"rendered":"<p>Ich kann nicht mehr leben ohne ohne orchidee am fensterbrett orchideen sind so nett wie ein frisch gemachtes bett ach wenn ich die orch nicht h\u00e4tt am fensterbrett ohne idee s\u00e4\u00df ich jetzt hier und ganz leer blieb das papier zum gl\u00fcck habe ich die idee diese orch diese orch diese orchidee so wei\u00df wie [&hellip;]<\/p>\n","protected":false},"author":1,"featured_media":0,"comment_status":"open","ping_status":"open","sticky":false,"template":"","format":"standard","meta":{"footnotes":""},"categories":[4],"tags":[],"class_list":["post-1132","post","type-post","status-publish","format-standard","hentry","category-aktuelles"],"_links":{"self":[{"href":"https:\/\/gretaschneider.at\/index.php\/wp-json\/wp\/v2\/posts\/1132","targetHints":{"allow":["GET"]}}],"collection":[{"href":"https:\/\/gretaschneider.at\/index.php\/wp-json\/wp\/v2\/posts"}],"about":[{"href":"https:\/\/gretaschneider.at\/index.php\/wp-json\/wp\/v2\/types\/post"}],"author":[{"embeddable":true,"href":"https:\/\/gretaschneider.at\/index.php\/wp-json\/wp\/v2\/users\/1"}],"replies":[{"embeddable":true,"href":"https:\/\/gretaschneider.at\/index.php\/wp-json\/wp\/v2\/comments?post=1132"}],"version-history":[{"count":0,"href":"https:\/\/gretaschneider.at\/index.php\/wp-json\/wp\/v2\/posts\/1132\/revisions"}],"wp:attachment":[{"href":"https:\/\/gretaschneider.at\/index.php\/wp-json\/wp\/v2\/media?parent=1132"}],"wp:term":[{"taxonomy":"category","embeddable":true,"href":"https:\/\/gretaschneider.at\/index.php\/wp-json\/wp\/v2\/categories?post=1132"},{"taxonomy":"post_tag","embeddable":true,"href":"https:\/\/gretaschneider.at\/index.php\/wp-json\/wp\/v2\/tags?post=1132"}],"curies":[{"name":"wp","href":"https:\/\/api.w.org\/{rel}","templated":true}]}}