{"id":1127,"date":"2012-11-27T00:00:00","date_gmt":"2012-11-27T00:00:00","guid":{"rendered":"https:\/\/gretaschneider.at\/index.php\/2012\/11\/27\/ein-lichtlein-soll-leuchten-fuer-dich-in-der-nacht\/"},"modified":"2012-11-27T00:00:00","modified_gmt":"2012-11-27T00:00:00","slug":"ein-lichtlein-soll-leuchten-fuer-dich-in-der-nacht","status":"publish","type":"post","link":"https:\/\/gretaschneider.at\/index.php\/2012\/11\/27\/ein-lichtlein-soll-leuchten-fuer-dich-in-der-nacht\/","title":{"rendered":"ein lichtlein soll leuchten f\u00fcr dich in der nacht!"},"content":{"rendered":"<p>ein lichtlein soll leuchten f\u00fcr dich in der nacht!<br \/>\nein lichtlein soll flackern im wind!<br \/>\nhab heute  an dich zur\u00fcckgedacht<br \/>\nund was du f\u00fcr mich warst als kind.<br \/>\nwarst ofen und lachsack. warst  leo und  rot.<br \/>\nwarst tanz nur zum spa\u00df  &#8211; doch jetzt bist du tot.<br \/>\nund hast trotzdem geburtstag. drum denk ich an dich.<br \/>\nIch bin ziemlich sicher: du denkst nicht an mich!<br \/>\nein lichtlein soll brennen f\u00fcr dich durch die nacht!<br \/>\nein lichtlein soll werden ein licht!<br \/>\ndu hast  dein leben langschweigend zu ende gebracht  &#8211;<br \/>\ndarum feiern wir dich heute nicht.<\/p>\n","protected":false},"excerpt":{"rendered":"<p>ein lichtlein soll leuchten f\u00fcr dich in der nacht! ein lichtlein soll flackern im wind! hab heute an dich zur\u00fcckgedacht und was du f\u00fcr mich warst als kind. warst ofen und lachsack. warst leo und rot. warst tanz nur zum spa\u00df &#8211; doch jetzt bist du tot. und hast trotzdem geburtstag. drum denk ich an [&hellip;]<\/p>\n","protected":false},"author":1,"featured_media":0,"comment_status":"open","ping_status":"open","sticky":false,"template":"","format":"standard","meta":{"footnotes":""},"categories":[4],"tags":[],"class_list":["post-1127","post","type-post","status-publish","format-standard","hentry","category-aktuelles"],"_links":{"self":[{"href":"https:\/\/gretaschneider.at\/index.php\/wp-json\/wp\/v2\/posts\/1127","targetHints":{"allow":["GET"]}}],"collection":[{"href":"https:\/\/gretaschneider.at\/index.php\/wp-json\/wp\/v2\/posts"}],"about":[{"href":"https:\/\/gretaschneider.at\/index.php\/wp-json\/wp\/v2\/types\/post"}],"author":[{"embeddable":true,"href":"https:\/\/gretaschneider.at\/index.php\/wp-json\/wp\/v2\/users\/1"}],"replies":[{"embeddable":true,"href":"https:\/\/gretaschneider.at\/index.php\/wp-json\/wp\/v2\/comments?post=1127"}],"version-history":[{"count":0,"href":"https:\/\/gretaschneider.at\/index.php\/wp-json\/wp\/v2\/posts\/1127\/revisions"}],"wp:attachment":[{"href":"https:\/\/gretaschneider.at\/index.php\/wp-json\/wp\/v2\/media?parent=1127"}],"wp:term":[{"taxonomy":"category","embeddable":true,"href":"https:\/\/gretaschneider.at\/index.php\/wp-json\/wp\/v2\/categories?post=1127"},{"taxonomy":"post_tag","embeddable":true,"href":"https:\/\/gretaschneider.at\/index.php\/wp-json\/wp\/v2\/tags?post=1127"}],"curies":[{"name":"wp","href":"https:\/\/api.w.org\/{rel}","templated":true}]}}