{"id":1126,"date":"2012-11-29T00:00:00","date_gmt":"2012-11-29T00:00:00","guid":{"rendered":"https:\/\/gretaschneider.at\/index.php\/2012\/11\/29\/fritz-baeckt-seine-torten\/"},"modified":"2012-11-29T00:00:00","modified_gmt":"2012-11-29T00:00:00","slug":"fritz-baeckt-seine-torten","status":"publish","type":"post","link":"https:\/\/gretaschneider.at\/index.php\/2012\/11\/29\/fritz-baeckt-seine-torten\/","title":{"rendered":"fritz b\u00e4ckt seine torten"},"content":{"rendered":"<p>fritz b\u00e4ckt seine torten<br \/>\naus zuckers\u00fc\u00dfen worten.<br \/>\nr\u00fchrt k\u00e4tzelchen mit sch\u00e4tzelchen<br \/>\nund herzbl\u00e4ttchen zusammen.<br \/>\nmischt m\u00e4uschendu mit schn\u00e4uzelchen<br \/>\nzum teig aus kosenamen.<br \/>\nisst du ein st\u00fcckchen torte<br \/>\nvon fritzchens  lieblingssorte,<br \/>\nweisst du nicht mehr wer du bist<br \/>\nbis du ein saures gurkerl isst.<\/p>\n","protected":false},"excerpt":{"rendered":"<p>fritz b\u00e4ckt seine torten aus zuckers\u00fc\u00dfen worten. r\u00fchrt k\u00e4tzelchen mit sch\u00e4tzelchen und herzbl\u00e4ttchen zusammen. mischt m\u00e4uschendu mit schn\u00e4uzelchen zum teig aus kosenamen. isst du ein st\u00fcckchen torte von fritzchens lieblingssorte, weisst du nicht mehr wer du bist bis du ein saures gurkerl isst.<\/p>\n","protected":false},"author":1,"featured_media":0,"comment_status":"open","ping_status":"open","sticky":false,"template":"","format":"standard","meta":{"footnotes":""},"categories":[4],"tags":[],"class_list":["post-1126","post","type-post","status-publish","format-standard","hentry","category-aktuelles"],"_links":{"self":[{"href":"https:\/\/gretaschneider.at\/index.php\/wp-json\/wp\/v2\/posts\/1126","targetHints":{"allow":["GET"]}}],"collection":[{"href":"https:\/\/gretaschneider.at\/index.php\/wp-json\/wp\/v2\/posts"}],"about":[{"href":"https:\/\/gretaschneider.at\/index.php\/wp-json\/wp\/v2\/types\/post"}],"author":[{"embeddable":true,"href":"https:\/\/gretaschneider.at\/index.php\/wp-json\/wp\/v2\/users\/1"}],"replies":[{"embeddable":true,"href":"https:\/\/gretaschneider.at\/index.php\/wp-json\/wp\/v2\/comments?post=1126"}],"version-history":[{"count":0,"href":"https:\/\/gretaschneider.at\/index.php\/wp-json\/wp\/v2\/posts\/1126\/revisions"}],"wp:attachment":[{"href":"https:\/\/gretaschneider.at\/index.php\/wp-json\/wp\/v2\/media?parent=1126"}],"wp:term":[{"taxonomy":"category","embeddable":true,"href":"https:\/\/gretaschneider.at\/index.php\/wp-json\/wp\/v2\/categories?post=1126"},{"taxonomy":"post_tag","embeddable":true,"href":"https:\/\/gretaschneider.at\/index.php\/wp-json\/wp\/v2\/tags?post=1126"}],"curies":[{"name":"wp","href":"https:\/\/api.w.org\/{rel}","templated":true}]}}