{"id":1125,"date":"2012-12-03T00:00:00","date_gmt":"2012-12-03T00:00:00","guid":{"rendered":"https:\/\/gretaschneider.at\/index.php\/2012\/12\/03\/ich-hoere-die-stimme\/"},"modified":"2012-12-03T00:00:00","modified_gmt":"2012-12-03T00:00:00","slug":"ich-hoere-die-stimme","status":"publish","type":"post","link":"https:\/\/gretaschneider.at\/index.php\/2012\/12\/03\/ich-hoere-die-stimme\/","title":{"rendered":"Ich h\u00f6re die stimme"},"content":{"rendered":"<p>Ich h\u00f6re die stimme<br \/>\nvon einem, der nicht mehr ist,<br \/>\naus dem radio.<br \/>\nich h\u00f6re die stimme<br \/>\nvon einem der nicht mehr isst,<br \/>\naus der k\u00fcche.<br \/>\nich h\u00f6re stimmen<br \/>\nwie d\u00f6rrobst.<br \/>\nbald kommt der nikoaus.<\/p>\n<p>1.12.2012<br \/>\ndie kr\u00e4hen sitzen auf den spitzen<br \/>\nkahler \u00e4ste  wie gro\u00dfe schwarze bl\u00fcten.<br \/>\nam horizont ein streifen lilia licht.<br \/>\nlang schon vor dem schlafengehen<br \/>\nbricht die nacht herein.<br \/>\ndie kinder tanzen zu weihnachtlichen liedern.<br \/>\ndie erste kerze brennt am hoffnungskranz.<br \/>\nes riecht nach angegackten windeln,<br \/>\nnicht nach tannennadeln oder zimt.<br \/>\ndrau\u00dfen  peitscht ein kalter wind von osten.<br \/>\nder winter wird ins land geweht<br \/>\nmit kleinen wei\u00dfen flocken.<br \/>\nalles ist gut so, wie es ist in diesem augenblick.<br \/>\nein warmer raum und fr\u00f6hlichkeit.<br \/>\nvorfreude auf ein fest, das  nie so war<br \/>\nwie mans erinnen will, das nie  so sein wird<br \/>\nwie ertr\u00e4umt. advent, die hohe zeit der<br \/>\nhoffnung  auf das licht.<\/p>\n","protected":false},"excerpt":{"rendered":"<p>Ich h\u00f6re die stimme von einem, der nicht mehr ist, aus dem radio. ich h\u00f6re die stimme von einem der nicht mehr isst, aus der k\u00fcche. ich h\u00f6re stimmen wie d\u00f6rrobst. bald kommt der nikoaus. 1.12.2012 die kr\u00e4hen sitzen auf den spitzen kahler \u00e4ste wie gro\u00dfe schwarze bl\u00fcten. am horizont ein streifen lilia licht. lang [&hellip;]<\/p>\n","protected":false},"author":1,"featured_media":0,"comment_status":"open","ping_status":"open","sticky":false,"template":"","format":"standard","meta":{"footnotes":""},"categories":[4],"tags":[],"class_list":["post-1125","post","type-post","status-publish","format-standard","hentry","category-aktuelles"],"_links":{"self":[{"href":"https:\/\/gretaschneider.at\/index.php\/wp-json\/wp\/v2\/posts\/1125","targetHints":{"allow":["GET"]}}],"collection":[{"href":"https:\/\/gretaschneider.at\/index.php\/wp-json\/wp\/v2\/posts"}],"about":[{"href":"https:\/\/gretaschneider.at\/index.php\/wp-json\/wp\/v2\/types\/post"}],"author":[{"embeddable":true,"href":"https:\/\/gretaschneider.at\/index.php\/wp-json\/wp\/v2\/users\/1"}],"replies":[{"embeddable":true,"href":"https:\/\/gretaschneider.at\/index.php\/wp-json\/wp\/v2\/comments?post=1125"}],"version-history":[{"count":0,"href":"https:\/\/gretaschneider.at\/index.php\/wp-json\/wp\/v2\/posts\/1125\/revisions"}],"wp:attachment":[{"href":"https:\/\/gretaschneider.at\/index.php\/wp-json\/wp\/v2\/media?parent=1125"}],"wp:term":[{"taxonomy":"category","embeddable":true,"href":"https:\/\/gretaschneider.at\/index.php\/wp-json\/wp\/v2\/categories?post=1125"},{"taxonomy":"post_tag","embeddable":true,"href":"https:\/\/gretaschneider.at\/index.php\/wp-json\/wp\/v2\/tags?post=1125"}],"curies":[{"name":"wp","href":"https:\/\/api.w.org\/{rel}","templated":true}]}}