{"id":1086,"date":"2013-02-27T00:00:00","date_gmt":"2013-02-27T00:00:00","guid":{"rendered":"https:\/\/gretaschneider.at\/index.php\/2013\/02\/27\/mit-wollenen-socken-vorm-feuer-hocken\/"},"modified":"2013-02-27T00:00:00","modified_gmt":"2013-02-27T00:00:00","slug":"mit-wollenen-socken-vorm-feuer-hocken","status":"publish","type":"post","link":"https:\/\/gretaschneider.at\/index.php\/2013\/02\/27\/mit-wollenen-socken-vorm-feuer-hocken\/","title":{"rendered":"mit wollenen socken vorm feuer hocken,"},"content":{"rendered":"<p>mit wollenen socken vorm feuer hocken,<br \/>\nsich w\u00e4rmen am h\u00e4ferl. da kommt die feverl<br \/>\nund will in die k\u00e4lte hinaus. oh graus!<br \/>\nes wedelt ihr schwanz, in den augen der glanz:<br \/>\nkomm wir wolln tollen wollen uns rollen<br \/>\nim schnee! o.k.<br \/>\ndie feverl bringt schuhe. jetzt ist es aus mit der ruhe<br \/>\njetzt hei\u00dft es stapfen. weg mit den schlapfen.<br \/>\ndie flocken fallen leise auf ihrer reise<br \/>\naus der wolke aufs feld. sie ver\u00e4ndern die welt<br \/>\nmachen sie heller. wir gehen jetzt schneller<br \/>\nzu feverls baum. schaun.<br \/>\nalles wie immer. und doch schon ein schimmer<br \/>\nvon gr\u00fcn um den stamm. f\u00e4ngt der fr\u00fchling schon an?<br \/>\nder baum steht kahl hat keine wahl<br \/>\ner bl\u00fcht, wann er bl\u00fcht. auch wenn er sich m\u00fcht<br \/>\nes geht nicht schneller. da hilft kein propeller.<br \/>\nauch kein wille. stille<br \/>\nbeherrscht noch den tag. wie ich das mag!<br \/>\ndoch jetzt bellt die feverl, ich denk an mein h\u00e4ferl.<br \/>\nder tee ist sicher schon kalt. wir durchqueren den wald<br \/>\nstapfen nach hause ganz ohne pause.<br \/>\nschneeflocken  kitzeln die nas. das macht spa\u00df<br \/>\nund bringt gl\u00fcck. ein st\u00fcck.<\/p>\n","protected":false},"excerpt":{"rendered":"<p>mit wollenen socken vorm feuer hocken, sich w\u00e4rmen am h\u00e4ferl. da kommt die feverl und will in die k\u00e4lte hinaus. oh graus! es wedelt ihr schwanz, in den augen der glanz: komm wir wolln tollen wollen uns rollen im schnee! o.k. die feverl bringt schuhe. jetzt ist es aus mit der ruhe jetzt hei\u00dft es [&hellip;]<\/p>\n","protected":false},"author":1,"featured_media":0,"comment_status":"open","ping_status":"open","sticky":false,"template":"","format":"standard","meta":{"footnotes":""},"categories":[4],"tags":[],"class_list":["post-1086","post","type-post","status-publish","format-standard","hentry","category-aktuelles"],"_links":{"self":[{"href":"https:\/\/gretaschneider.at\/index.php\/wp-json\/wp\/v2\/posts\/1086","targetHints":{"allow":["GET"]}}],"collection":[{"href":"https:\/\/gretaschneider.at\/index.php\/wp-json\/wp\/v2\/posts"}],"about":[{"href":"https:\/\/gretaschneider.at\/index.php\/wp-json\/wp\/v2\/types\/post"}],"author":[{"embeddable":true,"href":"https:\/\/gretaschneider.at\/index.php\/wp-json\/wp\/v2\/users\/1"}],"replies":[{"embeddable":true,"href":"https:\/\/gretaschneider.at\/index.php\/wp-json\/wp\/v2\/comments?post=1086"}],"version-history":[{"count":0,"href":"https:\/\/gretaschneider.at\/index.php\/wp-json\/wp\/v2\/posts\/1086\/revisions"}],"wp:attachment":[{"href":"https:\/\/gretaschneider.at\/index.php\/wp-json\/wp\/v2\/media?parent=1086"}],"wp:term":[{"taxonomy":"category","embeddable":true,"href":"https:\/\/gretaschneider.at\/index.php\/wp-json\/wp\/v2\/categories?post=1086"},{"taxonomy":"post_tag","embeddable":true,"href":"https:\/\/gretaschneider.at\/index.php\/wp-json\/wp\/v2\/tags?post=1086"}],"curies":[{"name":"wp","href":"https:\/\/api.w.org\/{rel}","templated":true}]}}