{"id":1048,"date":"2013-05-18T00:00:00","date_gmt":"2013-05-18T00:00:00","guid":{"rendered":"https:\/\/gretaschneider.at\/index.php\/2013\/05\/18\/motten-muecken-murmeltiere\/"},"modified":"2013-05-18T00:00:00","modified_gmt":"2013-05-18T00:00:00","slug":"motten-muecken-murmeltiere","status":"publish","type":"post","link":"https:\/\/gretaschneider.at\/index.php\/2013\/05\/18\/motten-muecken-murmeltiere\/","title":{"rendered":"motten m\u00fccken murmeltiere"},"content":{"rendered":"<p>motten m\u00fccken murmeltiere<br \/>\nkatzen k\u00fche longhormstiere<br \/>\nflederm\u00e4use w\u00fcstenf\u00fcchse<br \/>\nm\u00e4hnenw\u00f6lfe pardell\u00fcchse<br \/>\ntiger enten pelikane<br \/>\ntapire und goldfasane<br \/>\nozelote kragenb\u00e4ren<br \/>\nregenw\u00fcrmer schimmelm\u00e4hren<br \/>\nalle tiere diese erde<br \/>\neinzelne und in der herde<br \/>\nfordern heut &#8211; das ist nicht dreist &#8211;<br \/>\nmensch, sei erf\u00fcllt vom heilgen geist!<\/p>\n","protected":false},"excerpt":{"rendered":"<p>motten m\u00fccken murmeltiere katzen k\u00fche longhormstiere flederm\u00e4use w\u00fcstenf\u00fcchse m\u00e4hnenw\u00f6lfe pardell\u00fcchse tiger enten pelikane tapire und goldfasane ozelote kragenb\u00e4ren regenw\u00fcrmer schimmelm\u00e4hren alle tiere diese erde einzelne und in der herde fordern heut &#8211; das ist nicht dreist &#8211; mensch, sei erf\u00fcllt vom heilgen geist!<\/p>\n","protected":false},"author":1,"featured_media":0,"comment_status":"open","ping_status":"open","sticky":false,"template":"","format":"standard","meta":{"footnotes":""},"categories":[4],"tags":[],"class_list":["post-1048","post","type-post","status-publish","format-standard","hentry","category-aktuelles"],"_links":{"self":[{"href":"https:\/\/gretaschneider.at\/index.php\/wp-json\/wp\/v2\/posts\/1048","targetHints":{"allow":["GET"]}}],"collection":[{"href":"https:\/\/gretaschneider.at\/index.php\/wp-json\/wp\/v2\/posts"}],"about":[{"href":"https:\/\/gretaschneider.at\/index.php\/wp-json\/wp\/v2\/types\/post"}],"author":[{"embeddable":true,"href":"https:\/\/gretaschneider.at\/index.php\/wp-json\/wp\/v2\/users\/1"}],"replies":[{"embeddable":true,"href":"https:\/\/gretaschneider.at\/index.php\/wp-json\/wp\/v2\/comments?post=1048"}],"version-history":[{"count":0,"href":"https:\/\/gretaschneider.at\/index.php\/wp-json\/wp\/v2\/posts\/1048\/revisions"}],"wp:attachment":[{"href":"https:\/\/gretaschneider.at\/index.php\/wp-json\/wp\/v2\/media?parent=1048"}],"wp:term":[{"taxonomy":"category","embeddable":true,"href":"https:\/\/gretaschneider.at\/index.php\/wp-json\/wp\/v2\/categories?post=1048"},{"taxonomy":"post_tag","embeddable":true,"href":"https:\/\/gretaschneider.at\/index.php\/wp-json\/wp\/v2\/tags?post=1048"}],"curies":[{"name":"wp","href":"https:\/\/api.w.org\/{rel}","templated":true}]}}