{"id":1004,"date":"2013-08-20T00:00:00","date_gmt":"2013-08-20T00:00:00","guid":{"rendered":"https:\/\/gretaschneider.at\/index.php\/2013\/08\/20\/ich-setz-mich-auf-ein-gruenes-dach\/"},"modified":"2013-08-20T00:00:00","modified_gmt":"2013-08-20T00:00:00","slug":"ich-setz-mich-auf-ein-gruenes-dach","status":"publish","type":"post","link":"https:\/\/gretaschneider.at\/index.php\/2013\/08\/20\/ich-setz-mich-auf-ein-gruenes-dach\/","title":{"rendered":"ich setz  mich auf ein gr\u00fcnes dach"},"content":{"rendered":"<p>ich setz  mich auf ein gr\u00fcnes dach<br \/>\nund lasse mich vom wind verblasen.<br \/>\nich denk nicht \u00fcber absturz nach,<br \/>\nangst \u00fcberlasse ich den hasen.<br \/>\nich h\u00fcpf von einer grauen wolke,<br \/>\nfliege durch des himmels blau<br \/>\nich winke einem starenvolke<br \/>\nund seh von oben einen pfau.<br \/>\nich schwebe \u00fcber eine wiese<br \/>\nich \u00fcberfliege einen strom<br \/>\nder wind schrumpft nun zu einer brise<br \/>\nich lande auf dem dach vom dom<br \/>\nich wurd von dach zu dach geblasen<br \/>\ndas klingt ein wenig sonderbar<br \/>\nich kann es selber gar nicht fassen<br \/>\ndoch eines seh ich nun ganz klar:<br \/>\nich brauch dringend eine leiter<br \/>\nwill ich von domdach hier noch weiter.<\/p>\n","protected":false},"excerpt":{"rendered":"<p>ich setz mich auf ein gr\u00fcnes dach und lasse mich vom wind verblasen. ich denk nicht \u00fcber absturz nach, angst \u00fcberlasse ich den hasen. ich h\u00fcpf von einer grauen wolke, fliege durch des himmels blau ich winke einem starenvolke und seh von oben einen pfau. ich schwebe \u00fcber eine wiese ich \u00fcberfliege einen strom der [&hellip;]<\/p>\n","protected":false},"author":1,"featured_media":0,"comment_status":"open","ping_status":"open","sticky":false,"template":"","format":"standard","meta":{"footnotes":""},"categories":[4],"tags":[],"class_list":["post-1004","post","type-post","status-publish","format-standard","hentry","category-aktuelles"],"_links":{"self":[{"href":"https:\/\/gretaschneider.at\/index.php\/wp-json\/wp\/v2\/posts\/1004","targetHints":{"allow":["GET"]}}],"collection":[{"href":"https:\/\/gretaschneider.at\/index.php\/wp-json\/wp\/v2\/posts"}],"about":[{"href":"https:\/\/gretaschneider.at\/index.php\/wp-json\/wp\/v2\/types\/post"}],"author":[{"embeddable":true,"href":"https:\/\/gretaschneider.at\/index.php\/wp-json\/wp\/v2\/users\/1"}],"replies":[{"embeddable":true,"href":"https:\/\/gretaschneider.at\/index.php\/wp-json\/wp\/v2\/comments?post=1004"}],"version-history":[{"count":0,"href":"https:\/\/gretaschneider.at\/index.php\/wp-json\/wp\/v2\/posts\/1004\/revisions"}],"wp:attachment":[{"href":"https:\/\/gretaschneider.at\/index.php\/wp-json\/wp\/v2\/media?parent=1004"}],"wp:term":[{"taxonomy":"category","embeddable":true,"href":"https:\/\/gretaschneider.at\/index.php\/wp-json\/wp\/v2\/categories?post=1004"},{"taxonomy":"post_tag","embeddable":true,"href":"https:\/\/gretaschneider.at\/index.php\/wp-json\/wp\/v2\/tags?post=1004"}],"curies":[{"name":"wp","href":"https:\/\/api.w.org\/{rel}","templated":true}]}}